{"id":2113,"date":"2023-06-09T13:33:00","date_gmt":"2023-06-09T10:33:00","guid":{"rendered":"https:\/\/sisu.ut.ee\/vaks\/?p=2113"},"modified":"2024-10-28T21:39:58","modified_gmt":"2024-10-28T19:39:58","slug":"uldse","status":"publish","type":"post","link":"https:\/\/sisu.ut.ee\/vaks\/uldse\/","title":{"rendered":"\u00fcldse"},"content":{"rendered":"<p><em><strong>\u00dcldse <\/strong><\/em>ilmub eestikeelsetesse allikatesse esialgu \u00fchendis <em><strong>\u00fcle\u00fcldse <\/strong><\/em><strong>\u2019\u00fcleni, t\u00e4iesti\u2019<\/strong>, mis v\u00f5ib olla liits\u00f5na <em>\u00fcle\u00fcldine <\/em>omastava v\u00f5i pigem viisi\u00fctleva k\u00e4\u00e4nde vorm (st algselt <em>\u00fcle\u00fcld(i)se(n)<\/em> v\u00f5i <em>\u00fcle\u00fcld(i)si(n)<\/em>). Sellisena on <em>\u00fcle\u00fcldse<\/em> mainitud Hornungi grammatikas (1693) ning sageli kasutatud 1739. aasta Piiblis.<\/p>\n\n\n\n<p>T\u00e4nap\u00e4eval tavaline <strong><em>\u00fcldse <\/em><\/strong>ilma esiosiseta <em>\u00fcle<\/em>\u2013 on kirjalikes tekstides olemas alates 19. sajandi l\u00f5puk\u00fcmnenditest, seda nii t\u00e4henduses <strong>\u2019\u00fcle\u00fcldse; \u00fchtekokku\u2019<\/strong> kui ka <strong>\u2019sugugi (mitte)\u2019<\/strong>.<\/p>\n\n\n\n<p>1918. aasta \u00f5igekirjutuss\u00f5naraamatus on esitatud siiski vaid liits\u00f5na <em>\u00fcle\u00fcldse<\/em>.<\/p>\n\n\n\n<p>\u2666<\/p>\n\n\n\n<p>1739. aasta Piiblile eelnenud tekstides esinevad variandid <em>\u00fclle \u00fclde<\/em> (Wastne Testament 1686), <em>\u00fcle\u00fcldest <\/em>(Virginiused 1687\u20131690), <em>\u00fclle\u00fcldes<\/em> (M\u00fcncheni k\u00e4sikiri 1694), <em>\u00fclle\u00fcltsa <\/em>(tr\u00fckipiibli mustand u 1725\u20131738; vt EPAK). Need on loetletud ka Hupeli s\u00f5nastikus (1818).<\/p>\n\n\n\n<p>Julius M\u00e4giste anal\u00fc\u00fcsi j\u00e4rgi saab need k\u00f5ik tagasi viia algkujule *<em>\u00fclen-\u00fclt\u00e4ns\u00e4k<\/em>, kus <em>*-\u00fclt\u00e4ns\u00e4k<\/em> on *<em>t\u00e4<\/em>-tunnuseline osastava k\u00e4\u00e4nde vorm (noomenist *<em>\u00fcli<\/em>), millele on lisatud possessiivsufiks *-<em>ns\u00e4k<\/em>. On v\u00f5imalik, et ka <em>\u00fcle\u00fcldse <\/em>on tulnud sellestsamast algkujust, ent millalgi rahvaet\u00fcmoloogiliselt seostunud liits\u00f5naga <em>\u00fcle\u00fcldine<\/em>. (M\u00e4giste 2000: 94\u201396)<\/p>\n\n\n<p><\/p><div class=\"accordion mb-3\">\n        <div class=\"accordion-item accordion-item--white\">\n        <h2 class=\"accordion-header\" id=\"accordion-69f088e5a6ab7-heading\">\n            <button class=\"accordion-button collapsed\" type=\"button\" data-bs-toggle=\"collapse\" data-bs-target=\"#accordion-69f088e5a6ab7-collapse\" aria-expanded=\"true\" aria-controls=\"accordion-69f088e5a6ab7-collapse\">T\u00e4hendused ja n\u00e4itelaused<\/button>\n        <\/h2>\n        <div id=\"accordion-69f088e5a6ab7-collapse\" class=\"accordion-collapse collapse\" aria-labelledby=\"accordion-69f088e5a6ab7-heading\">\n            <div class=\"accordion-body\">\n<h5>\u2018\u00fcle\u00fcldse\u2019<\/h5>\n<p><small> See on <strong>\u00fcldse <\/strong>w\u00e4ga imekspanna, et Tallinna kubermangus mitte niisiigusid mehi leida ep olle, kes eestulewat laulu pidu w\u00f5iksiwad talitada. (<a title=\"\" href=\"https:\/\/dea.digar.ee\/page\/tartueestiseitung\/1880\/04\/30\/1\" target=\"_blank\" rel=\"noopener\" data-url=\"https:\/\/dea.digar.ee\/page\/tartueestiseitung\/1880\/04\/30\/1\">Tartu Eesti Seitung, 30. aprill 1880<\/a>) <\/small><\/p>\n<h5>\u2018sugugi (mitte)\u2019<\/h5>\n<p><small> Ei pea p\u00f5llumehed mitte <strong>\u00fcldse <\/strong>sandi aegade \u00fcle kaebama ja laiseldes k\u00e4si s\u00fclle panema waid peawad igal ajal julgeste ja t\u00fcdinemata oma p\u00f5llu ja wastaliste looduse m\u00e4gedega w\u00f5ideldes, w\u00f5itu oma poole p\u00fc\u00fcdma saada. (<a title=\"\" href=\"https:\/\/dea.digar.ee\/article\/sakalaew\/1880\/03\/01\/3\" target=\"_blank\" rel=\"noopener\" data-url=\"https:\/\/dea.digar.ee\/article\/sakalaew\/1880\/03\/01\/3\">Sakala, 1. m\u00e4rts 1880<\/a>) <\/small> <small> ja saawad seal juures teiste tr\u00fckikodade t\u00f6\u00f6lised, kus <strong>\u00fcltse <\/strong>ei lehti ega kooliraamatuid ei tr\u00fckita, hoopis w\u00e4hema t\u00f6\u00f6ga l\u00e4bi. (<a title=\"\" href=\"https:\/\/dea.digar.ee\/article\/paevalehtew\/1919\/12\/20\/6\" target=\"_blank\" rel=\"noopener\" data-url=\"https:\/\/dea.digar.ee\/article\/paevalehtew\/1919\/12\/20\/6\">P\u00e4ewaleht, 20. detsember 1919<\/a>) <\/small><\/p>\n<p><\/p><\/div>\n        <\/div>\n        <\/div>\n    <\/div>\n\n\n<p><\/p><div class=\"accordion mb-3\">\n        <div class=\"accordion-item accordion-item--white\">\n        <h2 class=\"accordion-header\" id=\"accordion-69f088e5a6acb-heading\">\n            <button class=\"accordion-button collapsed\" type=\"button\" data-bs-toggle=\"collapse\" data-bs-target=\"#accordion-69f088e5a6acb-collapse\" aria-expanded=\"true\" aria-controls=\"accordion-69f088e5a6acb-collapse\">S\u00f5na\u00fchendid<\/button>\n        <\/h2>\n        <div id=\"accordion-69f088e5a6acb-collapse\" class=\"accordion-collapse collapse\" aria-labelledby=\"accordion-69f088e5a6acb-heading\">\n            <div class=\"accordion-body\">\n<h5>\u00fcle\u00fcldse \u2018\u00fcleni, t\u00e4iesti\u2019<\/h5>\n<p><small> Ja nemmad h\u00fc\u00fcdsid sure he\u00e4lega ja t\u00e4kkisid endid mo\u00f6kadega ja pikidega omma wisi j\u00e4rrele, kunni nemmad ennast <strong>\u00fclle\u00fcldse <\/strong>werriseks teggid. (<a title=\"\" href=\"https:\/\/vakk.ut.ee\/tekstid.php?lk=381&amp;kood=1739-Piibel_VT\" target=\"_blank\" rel=\"noopener\" data-url=\"https:\/\/vakk.ut.ee\/tekstid.php?lk=381&amp;kood=1739-Piibel_VT\">Piibel 1739<\/a>)<br>\nSiis nad h\u00fc\u00fcdsid valjema h\u00e4\u00e4lega ja t\u00e4kkisid end m\u00f5\u00f5kadega ja piikidega oma viisi j\u00e4rgi, kuni neil veri hakkas voolama. (<a title=\"\" href=\"https:\/\/piibel.net\/1kn-18.html\" target=\"_blank\" rel=\"noopener\" data-url=\"https:\/\/piibel.net\/1kn-18.html\">1Kn 28: 18<\/a>) <\/small> <small> ja kui ta ihho allasti olli , panni ta tedda selle lumme pe\u00e4le, ja mattis temma ihho <strong>\u00fclle \u00fcltse<\/strong> lummega kinni, nenda et \u00fcksp\u00e4inis su ja ninna lahti j\u00e4id. (<a title=\"\" href=\"https:\/\/vakk.ut.ee\/tekstid.php?lk=44&amp;kood=1790-Arwelius\" target=\"_blank\" rel=\"noopener\" data-url=\"https:\/\/vakk.ut.ee\/tekstid.php?lk=44&amp;kood=1790-Arwelius\">Arvelius 1790<\/a>)<br>\n\u2018ja kui ta [= \u00e4rak\u00fclmunud poiss] oli ihualasti, pani ta tema lume peale ja mattis tema ihu \u00fcleni lumega kinni, n\u00fcnda et \u00fcksnes suu ja nina lahti j\u00e4id.\u2019 <\/small><\/p>\n<h5>\u00fcle\u00fcldse \u2018\u00fcldiselt, \u00fclepea\u2019<\/h5>\n<p><small> Mis \u00f6ppetawad prohwetide kirjad <strong>\u00fclle\u00fcldse<\/strong>? (<a title=\"\" href=\"https:\/\/vakk.ut.ee\/tekstid.php?lk=37&amp;kood=1740-jutud\" target=\"_blank\" rel=\"noopener\" data-url=\"https:\/\/vakk.ut.ee\/tekstid.php?lk=37&amp;kood=1740-jutud\">Wiis head jutto 1740<\/a>)<br>\n\u2018Mida \u00f5petavad prohvetite kirjad \u00fcle\u00fcldse?\u2019 <\/small><\/p>\n<h5>\u00fcle\u00fcldse \u2018\u00fchtekokku\u2019<\/h5>\n<p><small> <strong>\u00dcle\u00fcldse <\/strong>on seniajani Tallinnas 169 inimest r\u00f5ugetesse haigeks j\u00e4\u00e4nud, 16 terweks saanud, 34 \u00e4ra surnud. (<a title=\"\" href=\"https:\/\/dea.digar.ee\/article\/wirulane\/1888\/03\/14\/5\" target=\"_blank\" rel=\"noopener\" data-url=\"https:\/\/dea.digar.ee\/article\/wirulane\/1888\/03\/14\/5\">Wirulane, 14 m\u00e4rts 1888<\/a>) <\/small><\/p>\n<p><\/p><\/div>\n        <\/div>\n        <\/div>\n    <\/div>\n\n\n<p><\/p><div class=\"accordion mb-3\">\n        <div class=\"accordion-item accordion-item--white\">\n        <h2 class=\"accordion-header\" id=\"accordion-69f088e5a6acf-heading\">\n            <button class=\"accordion-button collapsed\" type=\"button\" data-bs-toggle=\"collapse\" data-bs-target=\"#accordion-69f088e5a6acf-collapse\" aria-expanded=\"true\" aria-controls=\"accordion-69f088e5a6acf-collapse\">Esmaesinemus<\/button>\n        <\/h2>\n        <div id=\"accordion-69f088e5a6acf-collapse\" class=\"accordion-collapse collapse\" aria-labelledby=\"accordion-69f088e5a6acf-heading\">\n            <div class=\"accordion-body\">\n<h5>1686<\/h5>\n<p><small> <strong>\u00dclle \u00fclde<\/strong> kuhlus Portust teije se\u00e4n ollewat \/ nink s\u00e4hr\u00e4ne Portus \/ kumba kah Pagganide se\u00e4n ei nimmitet\u00e4 \/ et \u00fcttel pe\u00e4sz Essa Naine ollema. (<a title=\"\" href=\"https:\/\/www.eki.ee\/piibel\/index.php?tekst=tutv_wast\" target=\"_blank\" rel=\"noopener\" data-url=\"https:\/\/www.eki.ee\/piibel\/index.php?tekst=tutv_wast\">EPAK<\/a>: Wastne Testament 1686)<br>\n\u2018\u00dcldse kuuldub teie seas olevat k\u00f5lvatust, ja veel niisugust k\u00f5lvatust, mida ei ole paganategi hulgas, et keegi elavat oma v\u00f5\u00f5rasemaga.\u2019 (<a title=\"\" href=\"https:\/\/piibel.net\/1kr-5.html\" target=\"_blank\" rel=\"noopener\" data-url=\"https:\/\/piibel.net\/1kr-5.html\">1Kr 5: 1<\/a>) <\/small><\/p>\n<p><\/p><\/div>\n        <\/div>\n        <\/div>\n    <\/div>\n\n\n<p><\/p><div class=\"accordion mb-3\">\n        <div class=\"accordion-item accordion-item--white\">\n        <h2 class=\"accordion-header\" id=\"accordion-69f088e5a6ad3-heading\">\n            <button class=\"accordion-button collapsed\" type=\"button\" data-bs-toggle=\"collapse\" data-bs-target=\"#accordion-69f088e5a6ad3-collapse\" aria-expanded=\"true\" aria-controls=\"accordion-69f088e5a6ad3-collapse\">Vanades s\u00f5nastikes<\/button>\n        <\/h2>\n        <div id=\"accordion-69f088e5a6ad3-collapse\" class=\"accordion-collapse collapse\" aria-labelledby=\"accordion-69f088e5a6ad3-heading\">\n            <div class=\"accordion-body\">\n<h5>Stahl 1637<\/h5>\n<p><small> \u2014 <\/small><\/p>\n<hr>\n<h5>Gutslaff 1648<\/h5>\n<p><small> \u2014 <\/small><\/p>\n<hr>\n<h5>G\u00f6seken 1660<\/h5>\n<p><small> \u2014 <\/small><\/p>\n<h5>Hornung 1693<\/h5>\n<p><small> <strong>\u00fclle \u00fcldse<\/strong> \/ \u00fcber und \u00fcber. <\/small><\/p>\n<hr>\n<h5>Vestring 1710\u20131730<\/h5>\n<p><small> <strong>\u00dclle\u00fcldest <\/strong>\u00dcber und \u00fcber<br>\n<strong>Mugga wessi on n\u00fc\u00fcd w\u00e4hh\u00e4ndant, eile olli \u00fclle \u00fclde.<\/strong> Das Wasser ist etws gefallen, gestern ging es \u00fcber al <\/small><\/p>\n<hr>\n<h5>Clare 1730<\/h5>\n<p><small> \u2014 <\/small><\/p>\n<hr>\n<h5>Thor Helle 1732<\/h5>\n<p><small> <strong>\u00fclle\u00fcldes <\/strong>\/ <strong>\u00fclle\u00fcltsa <\/strong>\u00fcber und \u00fcber. <\/small><\/p>\n<hr>\n<h5>Svenske 18. saj I pool<\/h5>\n<p><small> \u2014 <\/small><\/p>\n<hr>\n<h5>Hupel 1818<\/h5>\n<p><small> \u00fclle [\u2014]<br>\n<strong>\u201e\u00fclde<\/strong> r.<sup>[Tallinna k]<\/sup> d.<sup>[Tartu k]<\/sup> <strong>\u201e\u00fcldes<\/strong> od.<sup>[v\u00f5i]<\/sup> <strong>\u00fcldest<\/strong> od. <strong>\u00fcldse <\/strong>od. <strong>\u00fcltsa <\/strong>od. <strong>\u00fcltse<\/strong>. r. <strong>\u201e\u00fcldsel<\/strong>. d. \u00fcberhaupt, \u00fcber und \u00fcber. <\/small><\/p>\n<hr>\n<h5>Wiedemann 1893<\/h5>\n<p><small> <strong>\u00fc\u013edsi, \u00fcle-\u00fc\u013edsi<\/strong> (\u00fcle-\u00fclde, \u00fc.-\u00fcldes, \u00fc.-\u00fcldest, \u00fcldeni, \u00fcldsa, \u00fcldse) <em>ganz, durchaus, \u00fcberhaupt, im Ganzen.<\/em> <\/small><\/p>\n<p><\/p><\/div>\n        <\/div>\n        <\/div>\n    <\/div>\n\n\n<p><\/p><div class=\"accordion mb-3\">\n        <div class=\"accordion-item accordion-item--white\">\n        <h2 class=\"accordion-header\" id=\"accordion-69f088e5a6ad6-heading\">\n            <button class=\"accordion-button collapsed\" type=\"button\" data-bs-toggle=\"collapse\" data-bs-target=\"#accordion-69f088e5a6ad6-collapse\" aria-expanded=\"true\" aria-controls=\"accordion-69f088e5a6ad6-collapse\">Sagedus<\/button>\n        <\/h2>\n        <div id=\"accordion-69f088e5a6ad6-collapse\" class=\"accordion-collapse collapse\" aria-labelledby=\"accordion-69f088e5a6ad6-heading\">\n            <div class=\"accordion-body\">\n<p><small>10 000 tekstis\u00f5na kohta<\/small><\/p>\n<p><small> 16. sajandil \u2013 0,00<br>\n17. sajandil \u2013 0,01<br>\n18. sajandil \u2013 0,28 <\/small><\/p>\n<p><\/p><\/div>\n        <\/div>\n        <\/div>\n    <\/div>\n\n\n<p><\/p><div class=\"accordion mb-3\">\n        <div class=\"accordion-item accordion-item--white\">\n        <h2 class=\"accordion-header\" id=\"accordion-69f088e5a6ad8-heading\">\n            <button class=\"accordion-button collapsed\" type=\"button\" data-bs-toggle=\"collapse\" data-bs-target=\"#accordion-69f088e5a6ad8-collapse\" aria-expanded=\"true\" aria-controls=\"accordion-69f088e5a6ad8-collapse\">Vormistik<\/button>\n        <\/h2>\n        <div id=\"accordion-69f088e5a6ad8-collapse\" class=\"accordion-collapse collapse\" aria-labelledby=\"accordion-69f088e5a6ad8-heading\">\n            <div class=\"accordion-body\">\n<p><small><em><a title=\"\" href=\"https:\/\/vakk.ut.ee\/otsi.php?lemma=%C3%BCldse&amp;liik=&amp;tahendus=&amp;sone=&amp;vorm=&amp;keel=&amp;kontekst=&amp;tsajand=&amp;tliik=V+I&amp;tlevik=&amp;tautor=&amp;taasta=&amp;tpealkiri=&amp;tkeel=&amp;boss=\" target=\"_blank\" rel=\"noopener\" data-url=\"https:\/\/vakk.ut.ee\/otsi.php?lemma=%C3%BCldse&amp;liik=&amp;tahendus=&amp;sone=&amp;vorm=&amp;keel=&amp;kontekst=&amp;tsajand=&amp;tliik=V+I&amp;tlevik=&amp;tautor=&amp;taasta=&amp;tpealkiri=&amp;tkeel=&amp;boss=\">\u00fcldse<\/a><\/em> on muutumatu s\u00f5na.<\/small><\/p>\n<p><\/p><\/div>\n        <\/div>\n        <\/div>\n    <\/div>\n\n\n<p><\/p><div class=\"accordion mb-3\">\n        <div class=\"accordion-item accordion-item--white\">\n        <h2 class=\"accordion-header\" id=\"accordion-69f088e5a6add-heading\">\n            <button class=\"accordion-button collapsed\" type=\"button\" data-bs-toggle=\"collapse\" data-bs-target=\"#accordion-69f088e5a6add-collapse\" aria-expanded=\"true\" aria-controls=\"accordion-69f088e5a6add-collapse\">Tekstiviited <\/button>\n        <\/h2>\n        <div id=\"accordion-69f088e5a6add-collapse\" class=\"accordion-collapse collapse\" aria-labelledby=\"accordion-69f088e5a6add-heading\">\n            <div class=\"accordion-body\">\n<p><small><a title=\"\" href=\"https:\/\/www.eki.ee\/piibel\/index.php?showtype=simple&amp;showversion=4&amp;done=1&amp;tegevus=showdictionary&amp;search=%FCldse\" target=\"_blank\" rel=\"noopener\" data-url=\"https:\/\/www.eki.ee\/piibel\/index.php?showtype=simple&amp;showversion=4&amp;done=1&amp;tegevus=showdictionary&amp;search=%FCldse\">Wastne Testament (1686)<\/a> <em>eL<\/em> (EPAK)<br>\n<a title=\"\" href=\"https:\/\/vakk.ut.ee\/otsi.php?lemma=%C3%BCldse&amp;liik=&amp;tahendus=&amp;sone=&amp;vorm=&amp;keel=&amp;kontekst=5&amp;tsajand=&amp;tliik=&amp;tlevik=&amp;tautor=*Helle*&amp;taasta=1739&amp;tpealkiri=%20&amp;tkeel=&amp;boss=\" target=\"_blank\" rel=\"noopener\" data-url=\"https:\/\/vakk.ut.ee\/otsi.php?lemma=\u00fcldse&amp;liik=&amp;tahendus=&amp;sone=&amp;vorm=&amp;keel=&amp;kontekst=5&amp;tsajand=&amp;tliik=&amp;tlevik=&amp;tautor=*Helle*&amp;taasta=1739&amp;tpealkiri= &amp;tkeel=&amp;boss=\">Piibel (1739)<\/a><br>\n<a title=\"\" href=\"https:\/\/vakk.ut.ee\/otsi.php?lemma=%C3%BCldse&amp;liik=&amp;tahendus=&amp;sone=&amp;vorm=&amp;keel=&amp;kontekst=5&amp;tsajand=&amp;tliik=&amp;tlevik=&amp;tautor=&amp;taasta=&amp;tpealkiri=Wiis+head+jutto&amp;tkeel=&amp;boss=\" target=\"_blank\" rel=\"noopener\" data-url=\"https:\/\/vakk.ut.ee\/otsi.php?lemma=\u00fcldse&amp;liik=&amp;tahendus=&amp;sone=&amp;vorm=&amp;keel=&amp;kontekst=5&amp;tsajand=&amp;tliik=&amp;tlevik=&amp;tautor=&amp;taasta=&amp;tpealkiri=Wiis+head+jutto&amp;tkeel=&amp;boss=\">Wiis head jutto (1740)<\/a><br>\n<a title=\"\" href=\"https:\/\/vakk.ut.ee\/otsi.php?lemma=%C3%BCldse&amp;liik=&amp;tahendus=&amp;sone=&amp;vorm=&amp;keel=&amp;kontekst=5&amp;tsajand=&amp;tliik=&amp;tlevik=&amp;tautor=*Lithander*&amp;taasta=&amp;tpealkiri=&amp;tkeel=&amp;boss=\" target=\"_blank\" rel=\"noopener\" data-url=\"https:\/\/vakk.ut.ee\/otsi.php?lemma=\u00fcldse&amp;liik=&amp;tahendus=&amp;sone=&amp;vorm=&amp;keel=&amp;kontekst=5&amp;tsajand=&amp;tliik=&amp;tlevik=&amp;tautor=*Lithander*&amp;taasta=&amp;tpealkiri=&amp;tkeel=&amp;boss=\">Lithander (1781)<\/a><br>\n<a title=\"\" href=\"https:\/\/vakk.ut.ee\/otsi.php?lemma=%C3%BCldse&amp;liik=&amp;tahendus=&amp;sone=&amp;vorm=&amp;keel=&amp;kontekst=5&amp;tsajand=&amp;tliik=&amp;tlevik=&amp;tautor=*Arvelius*&amp;taasta=&amp;tpealkiri=&amp;tkeel=&amp;boss=\" target=\"_blank\" rel=\"noopener\" data-url=\"https:\/\/vakk.ut.ee\/otsi.php?lemma=\u00fcldse&amp;liik=&amp;tahendus=&amp;sone=&amp;vorm=&amp;keel=&amp;kontekst=5&amp;tsajand=&amp;tliik=&amp;tlevik=&amp;tautor=*Arvelius*&amp;taasta=&amp;tpealkiri=&amp;tkeel=&amp;boss=\">Arvelius (1782, 1790)<\/a><br>\n<a title=\"\" href=\"https:\/\/vakk.ut.ee\/otsi.php?lemma=%C3%BCldse&amp;liik=&amp;tahendus=&amp;sone=&amp;vorm=&amp;keel=&amp;kontekst=5&amp;tsajand=&amp;tliik=&amp;tlevik=&amp;tautor=*Lenz*&amp;taasta=&amp;tpealkiri=&amp;tkeel=&amp;boss=\" target=\"_blank\" rel=\"noopener\" data-url=\"https:\/\/vakk.ut.ee\/otsi.php?lemma=\u00fcldse&amp;liik=&amp;tahendus=&amp;sone=&amp;vorm=&amp;keel=&amp;kontekst=5&amp;tsajand=&amp;tliik=&amp;tlevik=&amp;tautor=*Lenz*&amp;taasta=&amp;tpealkiri=&amp;tkeel=&amp;boss=\">Lenz (1796)<\/a> <em>eL<\/em><\/small><\/p>\n<p><\/p><\/div>\n        <\/div>\n        <\/div>\n    <\/div>\n\n\n\n<h5 class=\"wp-block-heading\">Kirjandus<\/h5>\n\n\n\n<p><small>\u2022 EPAK = Ross, Kristiina jt. 2004\u20132019. <a href=\"https:\/\/www.eki.ee\/piibel\/index.php?tegevus=mainmenu\" target=\"_blank\" rel=\"noreferrer noopener\">Eesti piiblit\u00f5lke ajalooline konkordants<\/a>.<br>\u2022 M\u00e4giste, Julius 2000. Possessiivsufiksite rudimentidest eestis, eriti vana eesti kirjakeele (1520\u20131739) adverbides jm. partiklites. \u2013 Julius M\u00e4giste 100. Tartu: Tartu \u00dclikool.<\/small><\/p>\n","protected":false},"excerpt":{"rendered":"<p>\u00dcldse ilmub eestikeelsetesse allikatesse esialgu \u00fchendis \u00fcle\u00fcldse \u2019\u00fcleni, t\u00e4iesti\u2019, mis v\u00f5ib olla liits\u00f5na \u00fcle\u00fcldine omastava v\u00f5i pigem viisi\u00fctleva k\u00e4\u00e4nde vorm (st algselt \u00fcle\u00fcld(i)se(n) v\u00f5i \u00fcle\u00fcld(i)si(n)). Sellisena on \u00fcle\u00fcldse mainitud Hornungi grammatikas (1693) ning sageli kasutatud 1739. aasta Piiblis. T\u00e4nap\u00e4eval tavaline &#8230;<\/p>\n","protected":false},"author":167,"featured_media":2818,"comment_status":"open","ping_status":"open","sticky":false,"template":"","format":"standard","meta":{"_acf_changed":false,"inline_featured_image":false,"footnotes":""},"categories":[51,48],"tags":[],"class_list":["post-2113","post","type-post","status-publish","format-standard","has-post-thumbnail","hentry","category-kuluvorm","category-piiblitolge"],"acf":[],"_links":{"self":[{"href":"https:\/\/sisu.ut.ee\/vaks\/wp-json\/wp\/v2\/posts\/2113","targetHints":{"allow":["GET"]}}],"collection":[{"href":"https:\/\/sisu.ut.ee\/vaks\/wp-json\/wp\/v2\/posts"}],"about":[{"href":"https:\/\/sisu.ut.ee\/vaks\/wp-json\/wp\/v2\/types\/post"}],"author":[{"embeddable":true,"href":"https:\/\/sisu.ut.ee\/vaks\/wp-json\/wp\/v2\/users\/167"}],"replies":[{"embeddable":true,"href":"https:\/\/sisu.ut.ee\/vaks\/wp-json\/wp\/v2\/comments?post=2113"}],"version-history":[{"count":2,"href":"https:\/\/sisu.ut.ee\/vaks\/wp-json\/wp\/v2\/posts\/2113\/revisions"}],"predecessor-version":[{"id":2819,"href":"https:\/\/sisu.ut.ee\/vaks\/wp-json\/wp\/v2\/posts\/2113\/revisions\/2819"}],"wp:featuredmedia":[{"embeddable":true,"href":"https:\/\/sisu.ut.ee\/vaks\/wp-json\/wp\/v2\/media\/2818"}],"wp:attachment":[{"href":"https:\/\/sisu.ut.ee\/vaks\/wp-json\/wp\/v2\/media?parent=2113"}],"wp:term":[{"taxonomy":"category","embeddable":true,"href":"https:\/\/sisu.ut.ee\/vaks\/wp-json\/wp\/v2\/categories?post=2113"},{"taxonomy":"post_tag","embeddable":true,"href":"https:\/\/sisu.ut.ee\/vaks\/wp-json\/wp\/v2\/tags?post=2113"}],"curies":[{"name":"wp","href":"https:\/\/api.w.org\/{rel}","templated":true}]}}