{"id":1792,"date":"2022-03-11T20:25:00","date_gmt":"2022-03-11T18:25:00","guid":{"rendered":"https:\/\/sisu.ut.ee\/vaks\/?p=1792"},"modified":"2024-04-15T15:05:38","modified_gmt":"2024-04-15T12:05:38","slug":"kallale-kallal-kallalt","status":"publish","type":"post","link":"https:\/\/sisu.ut.ee\/vaks\/kallale-kallal-kallalt\/","title":{"rendered":"kallale, kallal, kallalt"},"content":{"rendered":"<p><strong>Kaass\u00f5nade<\/strong> sari <em><strong>kallale, kallal, kallalt<\/strong><\/em> leidub juba 17. sajandi tekstides, aga esialgu t\u00e4henduses <strong>\u2019juurde, juures, juurest\u2019<\/strong>, ilma et kontekst viitaks selgelt j\u00f5u kasutamisele v\u00f5i v\u00e4givaldsusele. Tegu on p\u00f5hjaeesti s\u00f5naga.<\/p>\n\n\n\n<p>Esmaesinemus on Heinrich Stahli kokku pandud lauluraamatu (1637) laulus \u201eWir danken dir, o g\u00fctiger Gott\u201c, mille t\u00f5lkija on Kullamaa \u00f5petaja Helmoldus zur M\u00fchlen.<\/p>\n\n\n\n<div class=\"wp-block-media-text is-stacked-on-mobile\"><figure class=\"wp-block-media-text__media\"><img loading=\"lazy\" decoding=\"async\" width=\"420\" height=\"171\" src=\"https:\/\/sisu.ut.ee\/wp-content\/uploads\/sites\/351\/kallal1637.png\" alt=\"Wir danken dir, o g\u00fctiger Gott, 7. salm Stahli lauluraamatus, 1637\" class=\"wp-image-420 size-full\" srcset=\"https:\/\/sisu.ut.ee\/wp-content\/uploads\/sites\/351\/kallal1637.png 420w, https:\/\/sisu.ut.ee\/wp-content\/uploads\/sites\/351\/kallal1637-300x122.png 300w\" sizes=\"auto, (max-width: 420px) 100vw, 420px\"><\/figure><div class=\"wp-block-media-text__content\">\n<p class=\"has-small-font-size\">Wir danken dir, o g\u00fctiger Gott, 7. salm Stahli lauluraamatus, 1637<\/p>\n<\/div><\/div>\n\n\n\n<div class=\"wp-block-media-text is-stacked-on-mobile\"><figure class=\"wp-block-media-text__media\"><img loading=\"lazy\" decoding=\"async\" width=\"420\" height=\"161\" src=\"https:\/\/sisu.ut.ee\/wp-content\/uploads\/sites\/351\/kallal1673.png\" alt=\"Wir danken dir, o g\u00fctiger Gott, 7. salm 1673. a lauluraamatus\" class=\"wp-image-421 size-full\" srcset=\"https:\/\/sisu.ut.ee\/wp-content\/uploads\/sites\/351\/kallal1673.png 420w, https:\/\/sisu.ut.ee\/wp-content\/uploads\/sites\/351\/kallal1673-300x115.png 300w\" sizes=\"auto, (max-width: 420px) 100vw, 420px\"><\/figure><div class=\"wp-block-media-text__content\">\n<p class=\"has-small-font-size\">Wir danken dir, o g\u00fctiger Gott, 7. salm 1673. a lauluraamatus<\/p>\n<\/div><\/div>\n\n\n\n<p>Esimene teadaolev n\u00e4ide s\u00f5nast <em>kallale<\/em> seoses agressiivse tegevusega on Thor Helle dialoogides (1732), aga \u00fcldiseks ei muutu selline kasutus veel 19. sajandi I poolelgi. Enamasti on jutt mingisuguse t\u00f6\u00f6 v\u00f5i toimetuse kallale asumisest. 1739. aasta Piiblis markeerib <em>kallale<\/em> ka isikut, kellega midagi juhtub (t\u00e4nap\u00e4eval kasutaksime sel kohal kaasa\u00fctlevat k\u00e4\u00e4net).<\/p>\n\n\n\n<p>Et <em>kallale, kallal, kallalt<\/em> t\u00e4hendab \u2019juurde, juures, juurest\u2019, aga v\u00e4givalda rakendades, on \u00f6eldud esmalt Wiedemanni s\u00f5nastikus (1869). See t\u00e4hendus pidi <em>kallale<\/em>-sarja kaass\u00f5nadel olema siiski juba 17. sajandi l\u00f5pus, nagu tuleb v\u00e4lja Hornungi grammatika (1693) n\u00e4itelausetest. M\u00f5ned Hornungist hilisemad s\u00f5nastikud nendivad, et <em>kallale minema<\/em> t\u00e4hendab lihtsalt \u2019alustama (nt t\u00f6\u00f6d)\u2019.<\/p>\n\n\n\n<p><em>Kallale, kallal<\/em> kasutusi <strong>(abi)m\u00e4\u00e4rs\u00f5nana<\/strong> leidub alates 18. sajandi l\u00f5pu tekstidest (nt <em>kallale p\u00e4\u00e4sema, kallale saama<\/em>).<\/p>\n\n\n\n<p>S\u00f5nas <em>kallale, kallal, kallalt<\/em> on sama t\u00fcvi, mis on s\u00f5nades <em>kallas<\/em> (\u2019rand; m\u00e4en\u00f5lv\u2019) ja <em>kaldu<\/em>, nii et <em>kallale minema<\/em> esialgne otsene t\u00e4hendus v\u00f5is olla lihtsalt \u2019kaldale v\u00f5i m\u00e4ekallakule minema\u2019.<\/p>\n\n\n\n<p>Kaass\u00f5nad on \u00fcldiselt kujunenud t\u00e4ist\u00e4henduslikest nimis\u00f5nadest. Wiedemanni s\u00f5nastikus on <em>kallale<\/em>-sarja allikaks peetud nimis\u00f5na <em>kald<\/em> (= <em>kallas<\/em>), ent t\u00e4nap\u00e4evased murdes\u00f5nastikud seda s\u00f5na niisugusel kujul ei tunne ja see puudub ka tekstidest.<\/p>\n\n\n\n<p>S\u00f5nal <em>kallale<\/em> oli oluline koht 18. ja 19. sajandi keelevaidlustes, kui hakati t\u00e4helepanu p\u00f6\u00f6rama, et eesti keele senine kirjaviis ei erista l\u00fchikesi ja pikki kaash\u00e4\u00e4likuid. S\u00f5na <em>kallale<\/em> oli hea v\u00f5rrelda s\u00f5naga <em>kalale<\/em>, mis vanas ortograafias kirjutati \u00fchtmoodi. Esialgne ettepanek oli lisada t\u00e4ish\u00e4\u00e4liku peale r\u00f5hum\u00e4rk, kui j\u00e4rgnev kaash\u00e4\u00e4lik tuleb lugeda pikana. Seep\u00e4rast ongi Thor Helle s\u00f5nastikus (1732) kirjutatud <em>k\u00e1llale<\/em>.<\/p>\n\n\n\n<p><em>Kallale minema<\/em> \u00fches\u00f5naline s\u00fcnon\u00fc\u00fcm <em>r\u00fcndama<\/em> on eesti keeles kasutusele v\u00f5etud alles keeleuuenduse ajal. Aluseks oli soome <em>rynn\u00e4t\u00e4<\/em> \u2019tormata, s\u00f6\u00f6sta, joosta; p\u00fcsti karata\u2019 (vt <a href=\"https:\/\/www.eki.ee\/dict\/ety\/index.cgi?Q=r%C3%BCndama&amp;F=M&amp;C06=et\" target=\"_blank\" rel=\"noreferrer noopener\">ETY<\/a>).<\/p>\n\n\n<p><\/p><div class=\"accordion mb-3\">\n        <div class=\"accordion-item accordion-item--white\">\n        <h2 class=\"accordion-header\" id=\"accordion-69f43ca0f0fba-heading\">\n            <button class=\"accordion-button collapsed\" type=\"button\" data-bs-toggle=\"collapse\" data-bs-target=\"#accordion-69f43ca0f0fba-collapse\" aria-expanded=\"true\" aria-controls=\"accordion-69f43ca0f0fba-collapse\">T\u00e4hendused ja n\u00e4itelaused<\/button>\n        <\/h2>\n        <div id=\"accordion-69f43ca0f0fba-collapse\" class=\"accordion-collapse collapse\" aria-labelledby=\"accordion-69f43ca0f0fba-heading\">\n            <div class=\"accordion-body\"> <small> Ninck minna kuhlutasin \/ kudt m\u00fcnnul kescktut olli \/ ninck wata \/ sihs s\u00fcndis \u00fcx hehl \/ kus minna kuhlutasin \/ ninck wata \/ sihs lihckotasit nemmat hend \/ ninck tullit jelles \u00fcchte needt luh+ +kontit \/ \u00fcx igkalick omma luh <strong>kallal<\/strong> (<a title=\"\" href=\"https:\/\/vakk.ut.ee\/tekstid.php?lk=259&amp;kood=1638-Stahl-HHIV\" target=\"_blank\" rel=\"noopener\" data-url=\"https:\/\/vakk.ut.ee\/tekstid.php?lk=259&amp;kood=1638-Stahl-HHIV\">Stahl 1638<\/a>)<br>\n\u2018Ja ma kuulutasin prohvetlikult, nagu mind k\u00e4sti. Ja kui ma kuulutasin, siis kostis h\u00e4\u00e4l, ja vaata, midagi krabises. Luud l\u00e4henesid \u00fcksteisele, iga luu oma luule.\u2019 (<a title=\"\" href=\"https:\/\/piibel.net\/?q=Hs%2037\" target=\"_blank\" rel=\"noopener\" data-url=\"https:\/\/piibel.net\/?q=Hs%2037\">Hs 37: 7<\/a>) <\/small> <small> Otse \u00f6iete, kaks perre lindo \u00fchhe sure lesse <strong>kallal<\/strong>, kissuwad tedda \u00e4rra (<a title=\"\" href=\"https:\/\/vakk.ut.ee\/tekstid.php?lk=402&amp;kood=1732-Helle-dialoogid\" target=\"_blank\" rel=\"noopener\" data-url=\"https:\/\/vakk.ut.ee\/tekstid.php?lk=402&amp;kood=1732-Helle-dialoogid\">Thor Helle 1732<\/a>)<br>\n\u2018Nagu kaks mesilast \u00fche suure lese kallal, r\u00e4sivad teda.\u2019 <\/small> <small> Ja kiwwi todi ja pandi augo su pe\u00e4le, ja kunningas panni sedda omma pitseri-s\u00f6rmuksega ja omma suurte issandatte s\u00f6rmuksega kinni, et middagi teist wisi ei piddand s\u00fcndima Tanieli <strong>kallale<\/strong>. (<a title=\"\" href=\"https:\/\/vakk.ut.ee\/tekstid.php?lk=861&amp;kood=1739-Piibel_VTP\" target=\"_blank\" rel=\"noopener\" data-url=\"https:\/\/vakk.ut.ee\/tekstid.php?lk=861&amp;kood=1739-Piibel_VTP\">Piibel 1739<\/a>)<br>\n\u2018Siis toodi kivi ja pandi augu suule, ja kuningas pitseeris selle oma pitseris\u00f5rmusega ja oma suurnike pitseris\u00f5rmustega, et Taanieli asjas ei oleks muutust.\u2019 (Tn 6: 18) <\/small> <small> Siis ta istus \u00f6mblemisse rami <strong>kallal<\/strong>, kui Juhhan tuppa tulli. (<a title=\"\" href=\"https:\/\/vakk.ut.ee\/tekstid.php?lk=53&amp;kood=1812-Luce\" target=\"_blank\" rel=\"noopener\" data-url=\"https:\/\/vakk.ut.ee\/tekstid.php?lk=53&amp;kood=1812-Luce\">Luce 1812<\/a>)<br>\n\u2018Ta istus \u00f5mblemisraami kallal [= tikkis], kui Juhan tuppa tuli.\u2019 <\/small> <\/div>\n        <\/div>\n        <\/div>\n    <\/div>\n\n\n<p><\/p><div class=\"accordion mb-3\">\n        <div class=\"accordion-item accordion-item--white\">\n        <h2 class=\"accordion-header\" id=\"accordion-69f43ca0f0fc2-heading\">\n            <button class=\"accordion-button collapsed\" type=\"button\" data-bs-toggle=\"collapse\" data-bs-target=\"#accordion-69f43ca0f0fc2-collapse\" aria-expanded=\"true\" aria-controls=\"accordion-69f43ca0f0fc2-collapse\">S\u00f5na\u00fchendid<\/button>\n        <\/h2>\n        <div id=\"accordion-69f43ca0f0fc2-collapse\" class=\"accordion-collapse collapse\" aria-labelledby=\"accordion-69f43ca0f0fc2-heading\">\n            <div class=\"accordion-body\">\n<h5>kallale p\u00e4\u00e4sema, saama, tulema, kippuma, ajama \u2026<\/h5>\n<p><small> l\u00e4hme \u00fchhes kous puuseemet k\u00fclwama omma puusta maa pe\u00e4le, ja siis teeme aeda selle \u00fcmber, et lojuksed ei p\u00e4se <strong>kallale<\/strong> noori puid \u00e4rra s\u00f6ema (<a title=\"\" href=\"https:\/\/vakk.ut.ee\/tekstid.php?lk=96&amp;kood=1782-Arwelius\" target=\"_blank\" rel=\"noopener\" data-url=\"https:\/\/vakk.ut.ee\/tekstid.php?lk=96&amp;kood=1782-Arwelius\">Arvelius 1782<\/a>)<br>\n\u2018L\u00e4hme \u00fcheskoos puuseemet k\u00fclvama oma puustusmaa peale ja siis teeme aia selle \u00fcmber, et loomad ei p\u00e4\u00e4seks kallale noori puid \u00e4ra s\u00f6\u00f6ma.\u2019 <\/small> <small> kallale l\u00e4hheb kallamees, k\u00e1llale tulleb karru (Masing 1822)<br>\n\u2018kalale l\u00e4heb kalamees, kallale tuleb karu\u2019 <\/small><\/p>\n<p><\/p><\/div>\n        <\/div>\n        <\/div>\n    <\/div>\n\n\n<p><\/p><div class=\"accordion mb-3\">\n        <div class=\"accordion-item accordion-item--white\">\n        <h2 class=\"accordion-header\" id=\"accordion-69f43ca0f0fc5-heading\">\n            <button class=\"accordion-button collapsed\" type=\"button\" data-bs-toggle=\"collapse\" data-bs-target=\"#accordion-69f43ca0f0fc5-collapse\" aria-expanded=\"true\" aria-controls=\"accordion-69f43ca0f0fc5-collapse\">Esmaesinemus<\/button>\n        <\/h2>\n        <div id=\"accordion-69f43ca0f0fc5-collapse\" class=\"accordion-collapse collapse\" aria-labelledby=\"accordion-69f43ca0f0fc5-heading\">\n            <div class=\"accordion-body\">\n<h5>1637<\/h5>\n<p><small> Ninck kus sihs tullep se hohmicko tund \/ lasse meid \u00fcllestousma kartzet ninck terwet \/ ninck kus meije s\u00fcnd olleme tennanut \/ jelles omma t\u00f6h <strong>kallal<\/strong> keima.<br>\n\u2018Ja kui siis tuleb hommikutund, lase meid \u00fcles t\u00f5usta v\u00e4rske ja tervena, ning kui oleme sind t\u00e4nanud, lase meil j\u00e4lle meie t\u00f6\u00f6 juurde asuda.\u2019 (<a title=\"\" href=\"https:\/\/vakk.ut.ee\/tekstid.php?lk=250&amp;kood=1637-Stahl-HHII\" target=\"_blank\" rel=\"noopener\" data-url=\"https:\/\/vakk.ut.ee\/tekstid.php?lk=250&amp;kood=1637-Stahl-HHII\">Stahl 1637<\/a>) <\/small><\/p>\n<p><\/p><\/div>\n        <\/div>\n        <\/div>\n    <\/div>\n\n\n<p><\/p><div class=\"accordion mb-3\">\n        <div class=\"accordion-item accordion-item--white\">\n        <h2 class=\"accordion-header\" id=\"accordion-69f43ca0f0fca-heading\">\n            <button class=\"accordion-button collapsed\" type=\"button\" data-bs-toggle=\"collapse\" data-bs-target=\"#accordion-69f43ca0f0fca-collapse\" aria-expanded=\"true\" aria-controls=\"accordion-69f43ca0f0fca-collapse\">Vanades s\u00f5nastikes ja grammatikates<\/button>\n        <\/h2>\n        <div id=\"accordion-69f43ca0f0fca-collapse\" class=\"accordion-collapse collapse\" aria-labelledby=\"accordion-69f43ca0f0fca-heading\">\n            <div class=\"accordion-body\">\n<h5>Stahl 1637<\/h5>\n<p><small> \u2014 <\/small><\/p>\n<hr>\n<h5>Gutslaff 1648<\/h5>\n<p><small> \u2014 <\/small><\/p>\n<hr>\n<h5>G\u00f6seken 1660<\/h5>\n<p><small> \u2014 <\/small><\/p>\n<h5>Hornung 1693<\/h5>\n<p><small> <strong>kallal<\/strong> \/ dabey \/ <em>ut<\/em>: karro on h\u00e4rja kallal \/ der Beer ist \u00fcber den Ochsen her.<br>\n<strong>kallale<\/strong> \/ dazu \/ <em>ut<\/em>: \u00e4rra minne temma kallale \/ bleib von ihm \/ oder mach dich nicht an ihm.<br>\n<strong>kallalt<\/strong> \/ davon \/ <em>ut<\/em>: seisa mo kallalt \/ la\u00df mich zufrieden \/ bleib von mir. <\/small><\/p>\n<hr>\n<h5>Vestring 1710\u20131730<\/h5>\n<p><small> <strong>Kallal<\/strong> Bey Neben<br>\n<strong>Kallale minnema<\/strong> Anfang machen<br>\n<strong>nemmad \/tullid\/ minno Kallale<\/strong> Sie kamen auf mich zugelauffen <\/small> <small> <strong>Kallale<\/strong> <em>idem<\/em>. <\/small> <small> <strong>Kallalt<\/strong> Davon<br>\n<strong>Nemmad l\u00e4ksid kallalt \u00e4rra<\/strong> Sie gingen davon <\/small><\/p>\n<hr>\n<h5>Thor Helle 1732<\/h5>\n<p><small> <strong>k\u00e1llal<\/strong> an der Seite.<br>\n<strong>kennegi kallal ollema<\/strong> \u00fcber einen her seyn. <\/small> <small> <strong>k\u00e1llale<\/strong> an die Seite. <\/small> <small> <strong>k\u00e1llalt<\/strong> von der Seite. <\/small><\/p>\n<hr>\n<h5>Hupel 1818<\/h5>\n<p><small> <strong>kallal<\/strong> und <strong>kallale<\/strong> an, in, zu, bey, neben, an der Seite. r.<sup>[Tartu k]<\/sup><br>\n<strong>,,minnema<\/strong> den Anfang machen, an die Arbeit gehen.<br>\n<strong>ta tulli mo kallal<\/strong> er kam \u00fcber mich her. <\/small><\/p>\n<hr>\n<h5>Wiedemann 1893<\/h5>\n<p><small> <strong>kald<\/strong> <em>G.<\/em> <strong>kalla<\/strong> = kallas,<br>\n<strong>kald-p\u014dlik m\u0101<\/strong> <em>absch\u00fcssiges Land;<\/em><br>\n\u2014 <em>davon besonders als Adverbe und Postpositionen der Allativ, Adessiv und Ablativ<\/em> <strong>kallale, kallal, kallalt<\/strong> <em>mit dem Begriff der N\u00e4he, wie<\/em> j\u016bre, j\u016bres, j\u016brest, <em>aber zugleich einer dabei Statt findenden, meist feindlichen oder aggressiven Th\u00e4tigkeit, z. B.<\/em> <strong>ko\u035cer tuli mu kallale<\/strong> <em>der Hund kam \u00fcber mich her, fiel mich an<\/em>, <strong>ko\u035cer on liha kallal<\/strong> <em>der Hund ist beim Fleische (besch\u00e4ftigt es zu fressen)<\/em>, <strong>tema s\u016b on mind kutsund tema kallale<\/strong> <em>sein Mund hat mich zu ihm gerufen (d. h. seine aufreizenden Beden veranlassten mich \u00fcber ihn herzufallen, ihn zu schlagen)<\/em>. <\/small><\/p>\n<p><\/p><\/div>\n        <\/div>\n        <\/div>\n    <\/div>\n\n\n<p><\/p><div class=\"accordion mb-3\">\n        <div class=\"accordion-item accordion-item--white\">\n        <h2 class=\"accordion-header\" id=\"accordion-69f43ca0f0fcd-heading\">\n            <button class=\"accordion-button collapsed\" type=\"button\" data-bs-toggle=\"collapse\" data-bs-target=\"#accordion-69f43ca0f0fcd-collapse\" aria-expanded=\"true\" aria-controls=\"accordion-69f43ca0f0fcd-collapse\">Sagedus<\/button>\n        <\/h2>\n        <div id=\"accordion-69f43ca0f0fcd-collapse\" class=\"accordion-collapse collapse\" aria-labelledby=\"accordion-69f43ca0f0fcd-heading\">\n            <div class=\"accordion-body\">\n<p><small>10 000 tekstis\u00f5na kohta<\/small><\/p>\n<p><small> 16. sajandil \u2013 0,00<br>\n17. sajandil \u2013 0,04<br>\n18. sajandil \u2013 2,70 <\/small><\/p>\n<p><\/p><\/div>\n        <\/div>\n        <\/div>\n    <\/div>\n\n\n<p><\/p><div class=\"accordion mb-3\">\n        <div class=\"accordion-item accordion-item--white\">\n        <h2 class=\"accordion-header\" id=\"accordion-69f43ca0f0fd0-heading\">\n            <button class=\"accordion-button collapsed\" type=\"button\" data-bs-toggle=\"collapse\" data-bs-target=\"#accordion-69f43ca0f0fd0-collapse\" aria-expanded=\"true\" aria-controls=\"accordion-69f43ca0f0fd0-collapse\">Vormistik<\/button>\n        <\/h2>\n        <div id=\"accordion-69f43ca0f0fd0-collapse\" class=\"accordion-collapse collapse\" aria-labelledby=\"accordion-69f43ca0f0fd0-heading\">\n            <div class=\"accordion-body\">\n<p><small><em><a title=\"\" href=\"https:\/\/vakk.ut.ee\/otsi.php?lemma=kallale&amp;liik=&amp;tahendus=&amp;sone=&amp;vorm=&amp;keel=&amp;kontekst=5&amp;tsajand=&amp;tliik=V+I&amp;tlevik=&amp;tautor=&amp;taasta=1500-1800&amp;tpealkiri=&amp;tkeel=&amp;boss=\" target=\"_blank\" rel=\"noopener\" data-url=\"https:\/\/vakk.ut.ee\/otsi.php?lemma=kallale&amp;liik=&amp;tahendus=&amp;sone=&amp;vorm=&amp;keel=&amp;kontekst=5&amp;tsajand=&amp;tliik=V+I&amp;tlevik=&amp;tautor=&amp;taasta=1500-1800&amp;tpealkiri=&amp;tkeel=&amp;boss=\">kallale<\/a>, <a title=\"\" href=\"https:\/\/vakk.ut.ee\/otsi.php?lemma=kallal&amp;liik=&amp;tahendus=&amp;sone=&amp;vorm=&amp;keel=&amp;kontekst=5&amp;tsajand=&amp;tliik=V+I&amp;tlevik=&amp;tautor=&amp;taasta=1500-1800&amp;tpealkiri=&amp;tkeel=&amp;boss=\" target=\"_blank\" rel=\"noopener\" data-url=\"https:\/\/vakk.ut.ee\/otsi.php?lemma=kallal&amp;liik=&amp;tahendus=&amp;sone=&amp;vorm=&amp;keel=&amp;kontekst=5&amp;tsajand=&amp;tliik=V+I&amp;tlevik=&amp;tautor=&amp;taasta=1500-1800&amp;tpealkiri=&amp;tkeel=&amp;boss=\">kallal<\/a>, <a title=\"\" href=\"https:\/\/vakk.ut.ee\/otsi.php?lemma=kallalt&amp;liik=&amp;tahendus=&amp;sone=&amp;vorm=&amp;keel=&amp;kontekst=5&amp;tsajand=&amp;tliik=V+I&amp;tlevik=&amp;tautor=&amp;taasta=1500-1800&amp;tpealkiri=&amp;tkeel=&amp;boss=\" target=\"_blank\" rel=\"noopener\" data-url=\"https:\/\/vakk.ut.ee\/otsi.php?lemma=kallalt&amp;liik=&amp;tahendus=&amp;sone=&amp;vorm=&amp;keel=&amp;kontekst=5&amp;tsajand=&amp;tliik=V+I&amp;tlevik=&amp;tautor=&amp;taasta=1500-1800&amp;tpealkiri=&amp;tkeel=&amp;boss=\">kallalt<\/a><\/em> on muutumatud s\u00f5nad<\/small><\/p>\n<p><\/p><\/div>\n        <\/div>\n        <\/div>\n    <\/div>\n\n\n<p><\/p><div class=\"accordion mb-3\">\n        <div class=\"accordion-item accordion-item--white\">\n        <h2 class=\"accordion-header\" id=\"accordion-69f43ca0f0fe1-heading\">\n            <button class=\"accordion-button collapsed\" type=\"button\" data-bs-toggle=\"collapse\" data-bs-target=\"#accordion-69f43ca0f0fe1-collapse\" aria-expanded=\"true\" aria-controls=\"accordion-69f43ca0f0fe1-collapse\">Tekstiviited <\/button>\n        <\/h2>\n        <div id=\"accordion-69f43ca0f0fe1-collapse\" class=\"accordion-collapse collapse\" aria-labelledby=\"accordion-69f43ca0f0fe1-heading\">\n            <div class=\"accordion-body\">\n<p><small><a title=\"\" href=\"https:\/\/vakk.ut.ee\/otsi.php?lemma=kallal*&amp;liik=&amp;tahendus=&amp;sone=&amp;vorm=&amp;keel=&amp;kontekst=5&amp;tsajand=&amp;tliik=&amp;tlevik=&amp;tautor=*Stahl*&amp;taasta=&amp;tpealkiri=&amp;tkeel=&amp;boss=\" target=\"_blank\" rel=\"noopener\" data-url=\"https:\/\/vakk.ut.ee\/otsi.php?lemma=kallal*&amp;liik=&amp;tahendus=&amp;sone=&amp;vorm=&amp;keel=&amp;kontekst=5&amp;tsajand=&amp;tliik=&amp;tlevik=&amp;tautor=*Stahl*&amp;taasta=&amp;tpealkiri=&amp;tkeel=&amp;boss=\">Stahl (1632, 1637, 1638, 1641, 1649)<\/a><br>\n<a title=\"\" href=\"https:\/\/vakk.ut.ee\/otsi.php?lemma=kallal*&amp;liik=&amp;tahendus=&amp;sone=&amp;vorm=&amp;keel=&amp;kontekst=5&amp;tsajand=&amp;tliik=&amp;tlevik=&amp;tautor=*Gutsleff*&amp;taasta=&amp;tpealkiri=&amp;tkeel=&amp;boss=\" target=\"_blank\" rel=\"noopener\" data-url=\"https:\/\/vakk.ut.ee\/otsi.php?lemma=kallal*&amp;liik=&amp;tahendus=&amp;sone=&amp;vorm=&amp;keel=&amp;kontekst=5&amp;tsajand=&amp;tliik=&amp;tlevik=&amp;tautor=*Gutsleff*&amp;taasta=&amp;tpealkiri=&amp;tkeel=&amp;boss=\">Uus Testament (1715)<\/a><br>\n<a title=\"\" href=\"https:\/\/vakk.ut.ee\/otsi.php?lemma=kallal*&amp;liik=&amp;tahendus=&amp;sone=&amp;vorm=&amp;keel=&amp;kontekst=5&amp;tsajand=&amp;tliik=&amp;tlevik=&amp;tautor=*Helle*&amp;taasta=&amp;tpealkiri=*dialoogi*&amp;tkeel=&amp;boss=\" target=\"_blank\" rel=\"noopener\" data-url=\"https:\/\/vakk.ut.ee\/otsi.php?lemma=kallal*&amp;liik=&amp;tahendus=&amp;sone=&amp;vorm=&amp;keel=&amp;kontekst=5&amp;tsajand=&amp;tliik=&amp;tlevik=&amp;tautor=*Helle*&amp;taasta=&amp;tpealkiri=*dialoogi*&amp;tkeel=&amp;boss=\">Thor Helle (dialoogid 1732)<\/a><br>\n<a title=\"\" href=\"https:\/\/vakk.ut.ee\/otsi.php?lemma=kallal*&amp;liik=&amp;tahendus=&amp;sone=&amp;vorm=&amp;keel=&amp;kontekst=5&amp;tsajand=&amp;tliik=&amp;tlevik=&amp;tautor=*Helle*&amp;taasta=1739&amp;tpealkiri=%20&amp;tkeel=&amp;boss=\" target=\"_blank\" rel=\"noopener\" data-url=\"https:\/\/vakk.ut.ee\/otsi.php?lemma=kallal*&amp;liik=&amp;tahendus=&amp;sone=&amp;vorm=&amp;keel=&amp;kontekst=5&amp;tsajand=&amp;tliik=&amp;tlevik=&amp;tautor=*Helle*&amp;taasta=1739&amp;tpealkiri= &amp;tkeel=&amp;boss=\">Piibel (1739)<\/a><br>\n<a title=\"\" href=\"https:\/\/vakk.ut.ee\/otsi.php?lemma=kallal*&amp;liik=&amp;tahendus=&amp;sone=&amp;vorm=&amp;keel=&amp;kontekst=5&amp;tsajand=&amp;tliik=&amp;tlevik=&amp;tautor=&amp;taasta=&amp;tpealkiri=Wiis+head+jutto&amp;tkeel=&amp;boss=\" target=\"_blank\" rel=\"noopener\" data-url=\"https:\/\/vakk.ut.ee\/otsi.php?lemma=kallal*&amp;liik=&amp;tahendus=&amp;sone=&amp;vorm=&amp;keel=&amp;kontekst=5&amp;tsajand=&amp;tliik=&amp;tlevik=&amp;tautor=&amp;taasta=&amp;tpealkiri=Wiis+head+jutto&amp;tkeel=&amp;boss=\">Wiis head jutto (1740)<\/a><br>\n<a title=\"\" href=\"https:\/\/vakk.ut.ee\/otsi.php?lemma=kallal*&amp;liik=&amp;tahendus=&amp;sone=&amp;vorm=&amp;keel=&amp;kontekst=5&amp;tsajand=&amp;tliik=&amp;tlevik=&amp;tautor=*Lithander*&amp;taasta=&amp;tpealkiri=&amp;tkeel=&amp;boss=\" target=\"_blank\" rel=\"noopener\" data-url=\"https:\/\/vakk.ut.ee\/otsi.php?lemma=kallal*&amp;liik=&amp;tahendus=&amp;sone=&amp;vorm=&amp;keel=&amp;kontekst=5&amp;tsajand=&amp;tliik=&amp;tlevik=&amp;tautor=*Lithander*&amp;taasta=&amp;tpealkiri=&amp;tkeel=&amp;boss=\">Lithander (1781)<\/a><br>\n<a title=\"\" href=\"https:\/\/vakk.ut.ee\/otsi.php?lemma=kallal*&amp;liik=&amp;tahendus=&amp;sone=&amp;vorm=&amp;keel=&amp;kontekst=5&amp;tsajand=&amp;tliik=&amp;tlevik=&amp;tautor=*Arvelius*&amp;taasta=&amp;tpealkiri=&amp;tkeel=&amp;boss=\" target=\"_blank\" rel=\"noopener\" data-url=\"https:\/\/vakk.ut.ee\/otsi.php?lemma=kallal*&amp;liik=&amp;tahendus=&amp;sone=&amp;vorm=&amp;keel=&amp;kontekst=5&amp;tsajand=&amp;tliik=&amp;tlevik=&amp;tautor=*Arvelius*&amp;taasta=&amp;tpealkiri=&amp;tkeel=&amp;boss=\">Arvelius (1782, 1790)<\/a><br>\n<a title=\"\" href=\"https:\/\/vakk.ut.ee\/otsi.php?lemma=kallal*&amp;liik=&amp;tahendus=&amp;sone=&amp;vorm=&amp;keel=&amp;kontekst=5&amp;tsajand=&amp;tliik=&amp;tlevik=&amp;tautor=*Willmann*&amp;taasta=&amp;tpealkiri=&amp;tkeel=&amp;boss=\" target=\"_blank\" rel=\"noopener\" data-url=\"https:\/\/vakk.ut.ee\/otsi.php?lemma=kallal*&amp;liik=&amp;tahendus=&amp;sone=&amp;vorm=&amp;keel=&amp;kontekst=5&amp;tsajand=&amp;tliik=&amp;tlevik=&amp;tautor=*Willmann*&amp;taasta=&amp;tpealkiri=&amp;tkeel=&amp;boss=\">Willmann (1782)<\/a><\/small><\/p>\n<p><\/p><\/div>\n        <\/div>\n        <\/div>\n    <\/div>\n\n\n\n<h5 class=\"wp-block-heading\">Kirjandus<\/h5>\n\n\n\n<p><small>\u2022 ETY = Metsm\u00e4gi, Iris; Sedrik, Meeli; Soosaar, Sven-Erik 2012. <a href=\"https:\/\/www.eki.ee\/dict\/ety\/\" target=\"_blank\" rel=\"noreferrer noopener\">Eesti et\u00fcmoloogias\u00f5naraamat<\/a>. Tallinn: Eesti Keele Sihtasutus.<\/small><\/p>\n","protected":false},"excerpt":{"rendered":"<p>Kaass\u00f5nade sari kallale, kallal, kallalt leidub juba 17. sajandi tekstides, aga esialgu t\u00e4henduses \u2019juurde, juures, juurest\u2019, ilma et kontekst viitaks selgelt j\u00f5u kasutamisele v\u00f5i v\u00e4givaldsusele. Tegu on p\u00f5hjaeesti s\u00f5naga. Esmaesinemus on Heinrich Stahli kokku pandud lauluraamatu (1637) laulus \u201eWir danken &#8230;<\/p>\n","protected":false},"author":167,"featured_media":420,"comment_status":"open","ping_status":"open","sticky":false,"template":"","format":"standard","meta":{"_acf_changed":false,"inline_featured_image":false,"footnotes":""},"categories":[90,63,37,40],"tags":[],"class_list":["post-1792","post","type-post","status-publish","format-standard","has-post-thumbnail","hentry","category-kirjaviis","category-leksikaliseerumine","category-pohjaeesti-keel","category-tahendusmuutus"],"acf":[],"_links":{"self":[{"href":"https:\/\/sisu.ut.ee\/vaks\/wp-json\/wp\/v2\/posts\/1792","targetHints":{"allow":["GET"]}}],"collection":[{"href":"https:\/\/sisu.ut.ee\/vaks\/wp-json\/wp\/v2\/posts"}],"about":[{"href":"https:\/\/sisu.ut.ee\/vaks\/wp-json\/wp\/v2\/types\/post"}],"author":[{"embeddable":true,"href":"https:\/\/sisu.ut.ee\/vaks\/wp-json\/wp\/v2\/users\/167"}],"replies":[{"embeddable":true,"href":"https:\/\/sisu.ut.ee\/vaks\/wp-json\/wp\/v2\/comments?post=1792"}],"version-history":[{"count":2,"href":"https:\/\/sisu.ut.ee\/vaks\/wp-json\/wp\/v2\/posts\/1792\/revisions"}],"predecessor-version":[{"id":2626,"href":"https:\/\/sisu.ut.ee\/vaks\/wp-json\/wp\/v2\/posts\/1792\/revisions\/2626"}],"wp:featuredmedia":[{"embeddable":true,"href":"https:\/\/sisu.ut.ee\/vaks\/wp-json\/wp\/v2\/media\/420"}],"wp:attachment":[{"href":"https:\/\/sisu.ut.ee\/vaks\/wp-json\/wp\/v2\/media?parent=1792"}],"wp:term":[{"taxonomy":"category","embeddable":true,"href":"https:\/\/sisu.ut.ee\/vaks\/wp-json\/wp\/v2\/categories?post=1792"},{"taxonomy":"post_tag","embeddable":true,"href":"https:\/\/sisu.ut.ee\/vaks\/wp-json\/wp\/v2\/tags?post=1792"}],"curies":[{"name":"wp","href":"https:\/\/api.w.org\/{rel}","templated":true}]}}