{"id":1583,"date":"2021-09-02T05:44:00","date_gmt":"2021-09-02T02:44:00","guid":{"rendered":"https:\/\/sisu.ut.ee\/vaks\/?p=1583"},"modified":"2024-04-11T09:17:24","modified_gmt":"2024-04-11T06:17:24","slug":"begeerima","status":"publish","type":"post","link":"https:\/\/sisu.ut.ee\/vaks\/begeerima\/","title":{"rendered":"begeerima"},"content":{"rendered":"<p><strong><em>Begeerima<\/em> \u2019soovima\u2019<\/strong> esineb ainult Tallinna P\u00fcha Vaimu koguduse abi\u00f5petaja Georg M\u00fclleri jutlustes (1600\u20131606). T\u00f5en\u00e4oliselt on s\u00f5na laenatud alamsaksa keelest (vrd alamsaksa <em>beg\u0113ren<\/em>, Ariste 1981: 111), aga ka \u00fclemsaksa vastav s\u00f5na on samakujuline (<em>begehren<\/em>). Eestlased puutusid kokku pigem alamsaksa keelega. Kuigi <em>begeerima<\/em> teadaolevalt ei esine \u00fcheski muus allikas peale M\u00fclleri jutluste, ei t\u00e4henda see, et s\u00f5na ei v\u00f5inuks olla kasutusel Tallinna eestlaste seas.<\/p>\n\n\n<p><\/p><div class=\"accordion mb-3\">\n        <div class=\"accordion-item accordion-item--white\">\n        <h2 class=\"accordion-header\" id=\"accordion-69f4e13fd5311-heading\">\n            <button class=\"accordion-button collapsed\" type=\"button\" data-bs-toggle=\"collapse\" data-bs-target=\"#accordion-69f4e13fd5311-collapse\" aria-expanded=\"true\" aria-controls=\"accordion-69f4e13fd5311-collapse\">T\u00e4hendused ja n\u00e4itelaused<\/button>\n        <\/h2>\n        <div id=\"accordion-69f4e13fd5311-collapse\" class=\"accordion-collapse collapse\" aria-labelledby=\"accordion-69f4e13fd5311-heading\">\n            <div class=\"accordion-body\">\n<h5>\u2018soovima\u2019<\/h5>\n<p><small> Ku\u00ff me\u00ffe n\u00fcith sesama olleme technuth, s\u00ff\u00df puistame me\u00ffe oma S\u00fcddameliko Palwe Kolmesarnsel kombell, Iumala eddes welia, ninck m\u00e6llestame kz sesama a\u00dfia echk ned Ohrsakit, Minckpr: me\u00ffe Iumalalt sesama a\u00dfia <strong>begehrime<\/strong>, ninck eth t\u00e6ma meile omast rochkest Armust tahax kz andada, mea me\u00ffe t\u00e6malt laulo kombel palwume. (<a title=\"\" href=\"https:\/\/vakk.ut.ee\/tekstid.php?lk=1&amp;kood=1604-Myller-20\" target=\"_blank\" rel=\"noopener\" data-url=\"https:\/\/vakk.ut.ee\/tekstid.php?lk=1&amp;kood=1604-Myller-20\">M\u00fcller 1604<\/a>)<br>\n\u2018Kui me n\u00fc\u00fcd seda oleme teinud, siis puistame oma s\u00fcdamest tuleva palve kolmesugusel viisil Jumala ees v\u00e4lja ning peame meeles seda asja ehk p\u00f5hjust, misp\u00e4rast me Jumalalt seda soovime, ning et tema oma rohkest armust annaks, mida meie temalt laulu kujul palume.\u2019 <\/small><\/p>\n<p><\/p><\/div>\n        <\/div>\n        <\/div>\n    <\/div>\n\n\n<p><\/p><div class=\"accordion mb-3\">\n        <div class=\"accordion-item accordion-item--white\">\n        <h2 class=\"accordion-header\" id=\"accordion-69f4e13fd5318-heading\">\n            <button class=\"accordion-button collapsed\" type=\"button\" data-bs-toggle=\"collapse\" data-bs-target=\"#accordion-69f4e13fd5318-collapse\" aria-expanded=\"true\" aria-controls=\"accordion-69f4e13fd5318-collapse\">Esmaesinemus<\/button>\n        <\/h2>\n        <div id=\"accordion-69f4e13fd5318-collapse\" class=\"accordion-collapse collapse\" aria-labelledby=\"accordion-69f4e13fd5318-heading\">\n            <div class=\"accordion-body\">\n<h5>1603<\/h5>\n<p><small> Ku\u00ff sina n\u00fcith monda 100. g\u00fclden od\u2019 etc: selle errasurrewa Inimeselle tahaxsit andada, n\u0129ck to\u00ffwutaxit t\u00e6malle, mea t\u00e6ma S\u00fcdda eales <strong>begerib<\/strong>, s\u00ff\u00df ieb kum\u0303ateckit se Surma Kartus sen Inime\u00dfe S\u00fcddame p\u00e6le. (M\u00fcller 1603)<br>\n\u2018Kui sina n\u00fc\u00fcd mitusada kuldnat v\u00f5i jne tahaksid surevale inimesele anda ja t\u00f5otaksid talle, mis ta s\u00fcda eales soovib, siis ometi j\u00e4\u00e4b surmakartus inimese s\u00fcdamele.\u2019 <\/small><\/p>\n<p><\/p><\/div>\n        <\/div>\n        <\/div>\n    <\/div>\n\n\n<p><\/p><div class=\"accordion mb-3\">\n        <div class=\"accordion-item accordion-item--white\">\n        <h2 class=\"accordion-header\" id=\"accordion-69f4e13fd531a-heading\">\n            <button class=\"accordion-button collapsed\" type=\"button\" data-bs-toggle=\"collapse\" data-bs-target=\"#accordion-69f4e13fd531a-collapse\" aria-expanded=\"true\" aria-controls=\"accordion-69f4e13fd531a-collapse\">Vanades s\u00f5nastikes<\/button>\n        <\/h2>\n        <div id=\"accordion-69f4e13fd531a-collapse\" class=\"accordion-collapse collapse\" aria-labelledby=\"accordion-69f4e13fd531a-heading\">\n            <div class=\"accordion-body\">\n<h5>Stahl 1637<\/h5>\n<p><small> \u2014 <\/small><\/p>\n<hr>\n<h5>Gutslaff 1648<\/h5>\n<p><small> \u2014 <\/small><\/p>\n<hr>\n<h5>G\u00f6seken 1660<\/h5>\n<p><small> \u2014 <\/small><\/p>\n<hr>\n<h5>Vestring 1710\u20131730<\/h5>\n<p><small> \u2014 <\/small><\/p>\n<hr>\n<h5>Thor Helle 1732<\/h5>\n<p><small> \u2014 <\/small><\/p>\n<hr>\n<h5>Hupel 1818<\/h5>\n<p><small> \u2014 <\/small><\/p>\n<hr>\n<h5>Wiedemann 1893<\/h5>\n<p><small> \u2014 <\/small><\/p>\n<p><\/p><\/div>\n        <\/div>\n        <\/div>\n    <\/div>\n\n\n<p><\/p><div class=\"accordion mb-3\">\n        <div class=\"accordion-item accordion-item--white\">\n        <h2 class=\"accordion-header\" id=\"accordion-69f4e13fd531d-heading\">\n            <button class=\"accordion-button collapsed\" type=\"button\" data-bs-toggle=\"collapse\" data-bs-target=\"#accordion-69f4e13fd531d-collapse\" aria-expanded=\"true\" aria-controls=\"accordion-69f4e13fd531d-collapse\">Sagedus<\/button>\n        <\/h2>\n        <div id=\"accordion-69f4e13fd531d-collapse\" class=\"accordion-collapse collapse\" aria-labelledby=\"accordion-69f4e13fd531d-heading\">\n            <div class=\"accordion-body\">\n<p><small>10 000 tekstis\u00f5na kohta<\/small><\/p>\n<p><small> 16. sajandil \u2013 0,00<br>\n17. sajandil \u2013 0,03<br>\n18. sajandil \u2013 0,00 <\/small><\/p>\n<p><\/p><\/div>\n        <\/div>\n        <\/div>\n    <\/div>\n\n\n<p><\/p><div class=\"accordion mb-3\">\n        <div class=\"accordion-item accordion-item--white\">\n        <h2 class=\"accordion-header\" id=\"accordion-69f4e13fd5321-heading\">\n            <button class=\"accordion-button collapsed\" type=\"button\" data-bs-toggle=\"collapse\" data-bs-target=\"#accordion-69f4e13fd5321-collapse\" aria-expanded=\"true\" aria-controls=\"accordion-69f4e13fd5321-collapse\">Vormistik<\/button>\n        <\/h2>\n        <div id=\"accordion-69f4e13fd5321-collapse\" class=\"accordion-collapse collapse\" aria-labelledby=\"accordion-69f4e13fd5321-heading\">\n            <div class=\"accordion-body\">\n<p><small><a title=\"\" href=\"https:\/\/vakk.ut.ee\/otsi.php?lemma=begeerima&amp;liik=&amp;tahendus=&amp;sone=&amp;vorm=pers.*ind.*pr.*sg.*3.&amp;keel=&amp;kontekst=5&amp;tsajand=&amp;tliik=&amp;tlevik=&amp;tautor=&amp;taasta=1500-1800&amp;tpealkiri=&amp;tkeel=&amp;boss=\" target=\"_blank\" rel=\"noopener\" data-url=\"https:\/\/vakk.ut.ee\/otsi.php?lemma=begeerima&amp;liik=&amp;tahendus=&amp;sone=&amp;vorm=pers.*ind.*pr.*sg.*3.&amp;keel=&amp;kontekst=5&amp;tsajand=&amp;tliik=&amp;tlevik=&amp;tautor=&amp;taasta=1500-1800&amp;tpealkiri=&amp;tkeel=&amp;boss=\">kindel kv., olevik, ains. 3. p.<\/a><br>\n<sup> 17. saj <\/sup>begerib<br>\n<a title=\"\" href=\"https:\/\/vakk.ut.ee\/otsi.php?lemma=begeerima&amp;liik=&amp;tahendus=&amp;sone=&amp;vorm=pers.*ind.*pr.*pl.*1.&amp;keel=&amp;kontekst=5&amp;tsajand=&amp;tliik=&amp;tlevik=&amp;tautor=&amp;taasta=1500-1800&amp;tpealkiri=&amp;tkeel=&amp;boss=\" target=\"_blank\" rel=\"noopener\" data-url=\"https:\/\/vakk.ut.ee\/otsi.php?lemma=begeerima&amp;liik=&amp;tahendus=&amp;sone=&amp;vorm=pers.*ind.*pr.*pl.*1.&amp;keel=&amp;kontekst=5&amp;tsajand=&amp;tliik=&amp;tlevik=&amp;tautor=&amp;taasta=1500-1800&amp;tpealkiri=&amp;tkeel=&amp;boss=\">kindel kv., olevik, mitm. 1. p.<\/a><\/small><br>\n<small><sup> 17. saj <\/sup>begehrime<\/small><\/p>\n<p><\/p><\/div>\n        <\/div>\n        <\/div>\n    <\/div>\n\n\n<p><\/p><div class=\"accordion mb-3\">\n        <div class=\"accordion-item accordion-item--white\">\n        <h2 class=\"accordion-header\" id=\"accordion-69f4e13fd5324-heading\">\n            <button class=\"accordion-button collapsed\" type=\"button\" data-bs-toggle=\"collapse\" data-bs-target=\"#accordion-69f4e13fd5324-collapse\" aria-expanded=\"true\" aria-controls=\"accordion-69f4e13fd5324-collapse\">Tekstiviited <\/button>\n        <\/h2>\n        <div id=\"accordion-69f4e13fd5324-collapse\" class=\"accordion-collapse collapse\" aria-labelledby=\"accordion-69f4e13fd5324-heading\">\n            <div class=\"accordion-body\">\n<p><small><a title=\"\" href=\"https:\/\/vakk.ut.ee\/otsi.php?lemma=begeerima&amp;liik=&amp;tahendus=&amp;sone=&amp;vorm=&amp;keel=&amp;kontekst=5&amp;tsajand=&amp;tliik=&amp;tlevik=&amp;tautor=*M%C3%BCller*&amp;taasta=&amp;tpealkiri=&amp;tkeel=&amp;boss=\" target=\"_blank\" rel=\"noopener\" data-url=\"https:\/\/vakk.ut.ee\/otsi.php?lemma=begeerima&amp;liik=&amp;tahendus=&amp;sone=&amp;vorm=&amp;keel=&amp;kontekst=5&amp;tsajand=&amp;tliik=&amp;tlevik=&amp;tautor=*M\u00fcller*&amp;taasta=&amp;tpealkiri=&amp;tkeel=&amp;boss=\">M\u00fcller (1600-1606)<\/a><\/small><\/p>\n<p><\/p><\/div>\n        <\/div>\n        <\/div>\n    <\/div>\n\n\n\n<h5 class=\"wp-block-heading\">Kirjandus<\/h5>\n\n\n\n<p><small>\u2022 Ariste, Paul 1981. Keelekontaktid. Tallinn: Valgus.<\/small><\/p>\n","protected":false},"excerpt":{"rendered":"<p>Begeerima \u2019soovima\u2019 esineb ainult Tallinna P\u00fcha Vaimu koguduse abi\u00f5petaja Georg M\u00fclleri jutlustes (1600\u20131606). T\u00f5en\u00e4oliselt on s\u00f5na laenatud alamsaksa keelest (vrd alamsaksa beg\u0113ren, Ariste 1981: 111), aga ka \u00fclemsaksa vastav s\u00f5na on samakujuline (begehren). Eestlased puutusid kokku pigem alamsaksa keelega. Kuigi &#8230;<\/p>\n","protected":false},"author":167,"featured_media":1591,"comment_status":"open","ping_status":"open","sticky":false,"template":"","format":"standard","meta":{"_acf_changed":false,"inline_featured_image":false,"footnotes":""},"categories":[34,33],"tags":[],"class_list":["post-1583","post","type-post","status-publish","format-standard","has-post-thumbnail","hentry","category-alamsaksa-laen","category-saksa-laen"],"acf":[],"_links":{"self":[{"href":"https:\/\/sisu.ut.ee\/vaks\/wp-json\/wp\/v2\/posts\/1583","targetHints":{"allow":["GET"]}}],"collection":[{"href":"https:\/\/sisu.ut.ee\/vaks\/wp-json\/wp\/v2\/posts"}],"about":[{"href":"https:\/\/sisu.ut.ee\/vaks\/wp-json\/wp\/v2\/types\/post"}],"author":[{"embeddable":true,"href":"https:\/\/sisu.ut.ee\/vaks\/wp-json\/wp\/v2\/users\/167"}],"replies":[{"embeddable":true,"href":"https:\/\/sisu.ut.ee\/vaks\/wp-json\/wp\/v2\/comments?post=1583"}],"version-history":[{"count":1,"href":"https:\/\/sisu.ut.ee\/vaks\/wp-json\/wp\/v2\/posts\/1583\/revisions"}],"predecessor-version":[{"id":1584,"href":"https:\/\/sisu.ut.ee\/vaks\/wp-json\/wp\/v2\/posts\/1583\/revisions\/1584"}],"wp:featuredmedia":[{"embeddable":true,"href":"https:\/\/sisu.ut.ee\/vaks\/wp-json\/wp\/v2\/media\/1591"}],"wp:attachment":[{"href":"https:\/\/sisu.ut.ee\/vaks\/wp-json\/wp\/v2\/media?parent=1583"}],"wp:term":[{"taxonomy":"category","embeddable":true,"href":"https:\/\/sisu.ut.ee\/vaks\/wp-json\/wp\/v2\/categories?post=1583"},{"taxonomy":"post_tag","embeddable":true,"href":"https:\/\/sisu.ut.ee\/vaks\/wp-json\/wp\/v2\/tags?post=1583"}],"curies":[{"name":"wp","href":"https:\/\/api.w.org\/{rel}","templated":true}]}}