{"id":1449,"date":"2021-11-12T13:53:00","date_gmt":"2021-11-12T11:53:00","guid":{"rendered":"https:\/\/sisu.ut.ee\/vaks\/?p=1449"},"modified":"2024-04-11T19:15:14","modified_gmt":"2024-04-11T16:15:14","slug":"asti-astik","status":"publish","type":"post","link":"https:\/\/sisu.ut.ee\/vaks\/asti-astik\/","title":{"rendered":"asti, astik"},"content":{"rendered":"<p>Kaass\u00f5na <strong><em>asti<\/em> \u2019alates\u2019<\/strong> leidub \u00fchel korral Heinrich Stahli tekstides (1649) ja sama s\u00f5na variant <em><strong>astik<\/strong><\/em> kahel korral Friedrich Gustav Arveliuse tekstides (1782).<\/p>\n\n\n\n<p>T\u00e4henduses <strong>\u2019kuni\u2019<\/strong> leidub <em>astik<\/em> lisaks veel \u00fches k\u00e4sikirjalises piiblit\u00f5lkes (M\u00fcncheni k\u00e4sikirjas aastast 1694; vt <a href=\"https:\/\/www.eki.ee\/piibel\/index.php?search=astik&amp;tegevus=showdictionary\" target=\"_blank\" rel=\"noreferrer noopener\">EPAK<\/a>)<\/p>\n\n\n\n<p>Eesti murrete s\u00f5naraamat (EMS) seda s\u00f5na ei esita. Wiedemanni (1893) j\u00e4rgi on tegu Alutaguse s\u00f5naga.<\/p>\n\n\n\n<p>Et\u00fcmoloogiliselt v\u00f5ib <em>asti<\/em> olla seotud verbiga <em>astuma<\/em>, aga t\u00e4it selgust selles osas pole (vt H\u00e4kkinen 2004: 73). Soome keeles on s\u00f5na <em>asti<\/em> \u2019alates; kuni\u2019 olemas.<\/p>\n\n\n\n<p>Arvelius oli soome juurtega ja elas kuni 16. eluaastani Viru-Nigulas. Viru-Nigula j\u00e4\u00e4b rannikumurde alale. Rannikumurdes on palju soomep\u00e4rasusi, nii et m\u00f5nisada aastat tagasi v\u00f5idi seal tunda ka s\u00f5na <em>asti(k)<\/em>. Ka Stahl oli t\u00f6\u00f6tanud rannikumurde piirkonnas, t\u00e4psemalt Narvas.<\/p>\n\n\n\n<p>M\u00fcncheni k\u00e4sikiri on Johann Hornungi piiblit\u00f5lke \u00fcmberkirjutus. Hornungi t\u00f5lke originaal on kadunud, aga \u00fcmberkirjutust peetakse \u00fcsna t\u00e4pseks (Reila 2007). Hornung rannikumurde aladel elanud pole ja tema grammatika (1693) kaass\u00f5naloendist <em>astik<\/em> puudub, samat\u00e4henduslikud <em>saadik<\/em> ja <em>saani<\/em> \u2019bis\u2019 (\u2019kuni\u2019) on aga antud.<\/p>\n\n\n\n<p>M\u00fcncheni k\u00e4sikirjal leidub m\u00e4rkus, mille j\u00e4rgi t\u00f5lge on valminud 1694. aastal P\u00f5ltsamaal ja t\u00f5lkijaks on Johann Hartmann Creidius. On k\u00fcllalt p\u00f5hjust selle m\u00e4rkuse t\u00f5elevastavuses kahelda (Reila 2007), aga siiski on huvitav, et Creidius teenis aastal 1693 Viru-Nigulas leseaastapastorina (Napiersky 1842: 43) \u2013 st sealsamas, kus Arvelius oli veetnud oma lapsep\u00f5lve ja v\u00f5is olla kuulnud s\u00f5na <em>astik<\/em>.<\/p>\n\n\n\n<p>Creidius ise on 1705. aastal kirjas Liivimaa \u00fclemkonsistooriumile \u00f6elnud, et ta sai 1692. aastal \u00fcmberkirjutamiseks p\u00f5hjaeestikeelse Uue Testamendi (see oli Hornungi t\u00f5lge), aga kuna tema keeleoskus sel ajal ei olnud veel k\u00fcllaldane, on \u00e4rakiri puudulik. (K\u00f5pp 1959, 64\u201374, vt ka Tafenau 2011: 20.) Kuna Hornungi originaal pole s\u00e4ilinud, ei saa kindlaks teha, kui palju \u00e4rakiri sellest ikkagi erineb. S\u00f5na <em>astik<\/em> kasutamine n\u00e4ib olevat \u00fcks Creidiuse muudatusi.<\/p>\n\n\n<p><\/p><div class=\"accordion mb-3\">\n        <div class=\"accordion-item accordion-item--white\">\n        <h2 class=\"accordion-header\" id=\"accordion-69f03377148b4-heading\">\n            <button class=\"accordion-button collapsed\" type=\"button\" data-bs-toggle=\"collapse\" data-bs-target=\"#accordion-69f03377148b4-collapse\" aria-expanded=\"true\" aria-controls=\"accordion-69f03377148b4-collapse\">T\u00e4hendused ja n\u00e4itelaused<\/button>\n        <\/h2>\n        <div id=\"accordion-69f03377148b4-collapse\" class=\"accordion-collapse collapse\" aria-labelledby=\"accordion-69f03377148b4-heading\">\n            <div class=\"accordion-body\">\n<h5>\u2018alates\u2019<\/h5>\n<p><small> Ja sest p\u00e4ewast <strong>astik<\/strong>, ei olnud temma ilmas joude (<a title=\"\" href=\"https:\/\/vakk.ut.ee\/tekstid.php?lk=35&amp;kood=1782-Arwelius\" target=\"_blank\" rel=\"noopener\" data-url=\"https:\/\/vakk.ut.ee\/tekstid.php?lk=35&amp;kood=1782-Arwelius\">Arvelius 1782<\/a>)<br>\n\u2018Ja sellest p\u00e4evast <strong>alates<\/strong> ei olnud tema ilmas j\u00f5ude\u2019 <\/small><\/p>\n<h5>\u2018kuni\u2019<\/h5>\n<p><small> Et teie woite kiusata, mis parremb olneb, et teie selgeks sate, ning pahhandamatta ollete, Kristusse P\u00e4wa <strong>astik<\/strong> (<a title=\"\" href=\"https:\/\/www.eki.ee\/piibel\/index.php?tekst=tutv_mynch\" target=\"_blank\" rel=\"noopener\" data-url=\"https:\/\/www.eki.ee\/piibel\/index.php?tekst=tutv_mynch\">EPAK<\/a>: M\u00fcncheni k\u00e4sikiri 1694)<br>\n\u2018olulise kindlaksm\u00e4\u00e4ramiseks, et te oleksite puhtad ja laitmatud Kristuse p\u00e4evani\u2019 (<a title=\"\" href=\"https:\/\/piibel.net\/?q=Fl%201\" target=\"_blank\" rel=\"noopener\" data-url=\"https:\/\/piibel.net\/?q=Fl%201\">Fl1:10<\/a>) <\/small><\/p>\n<p><\/p><\/div>\n        <\/div>\n        <\/div>\n    <\/div>\n\n\n<p><\/p><div class=\"accordion mb-3\">\n        <div class=\"accordion-item accordion-item--white\">\n        <h2 class=\"accordion-header\" id=\"accordion-69f03377148ba-heading\">\n            <button class=\"accordion-button collapsed\" type=\"button\" data-bs-toggle=\"collapse\" data-bs-target=\"#accordion-69f03377148ba-collapse\" aria-expanded=\"true\" aria-controls=\"accordion-69f03377148ba-collapse\">Esmaesinemus<\/button>\n        <\/h2>\n        <div id=\"accordion-69f03377148ba-collapse\" class=\"accordion-collapse collapse\" aria-labelledby=\"accordion-69f03377148ba-heading\">\n            <div class=\"accordion-body\">\n<h5>1649<\/h5>\n<p><small> Meije olleme keick Pattuset \/ se Perrispatto perrast \/ kumba sees meije sahtut ninck s\u00fcndinut \/ ninck se Tegkopatto perrast \/ sest keick meije noudminne on waidt kurri nohre p\u00f6lwest <strong>asti<\/strong> (<a title=\"\" href=\"https:\/\/vakk.ut.ee\/tekstid.php?lk=723&amp;kood=1649-Stahl-LSII\" target=\"_blank\" rel=\"noopener\" data-url=\"https:\/\/vakk.ut.ee\/tekstid.php?lk=723&amp;kood=1649-Stahl-LSII\">Stahl 1649<\/a>)<br>\n\u2018Meie oleme k\u00f5ik patused: p\u00e4rispatu p\u00e4rast, milles oleme saadud ja s\u00fcndinud, ja teopatu p\u00e4rast, sest k\u00f5ik meie n\u00f5udmised on vaid kurjad noorest p\u00f5lvest <strong>alates<\/strong>.\u2019 <\/small><\/p>\n<p><\/p><\/div>\n        <\/div>\n        <\/div>\n    <\/div>\n\n\n<p><\/p><div class=\"accordion mb-3\">\n        <div class=\"accordion-item accordion-item--white\">\n        <h2 class=\"accordion-header\" id=\"accordion-69f03377148bd-heading\">\n            <button class=\"accordion-button collapsed\" type=\"button\" data-bs-toggle=\"collapse\" data-bs-target=\"#accordion-69f03377148bd-collapse\" aria-expanded=\"true\" aria-controls=\"accordion-69f03377148bd-collapse\">Vanades s\u00f5nastikes<\/button>\n        <\/h2>\n        <div id=\"accordion-69f03377148bd-collapse\" class=\"accordion-collapse collapse\" aria-labelledby=\"accordion-69f03377148bd-heading\">\n            <div class=\"accordion-body\">\n<h5>Stahl 1637<\/h5>\n<p><small> \u2014 <\/small><\/p>\n<hr>\n<h5>Gutslaff 1648<\/h5>\n<p><small> \u2014 <\/small><\/p>\n<hr>\n<h5>G\u00f6seken 1660<\/h5>\n<p><small> \u2014 <\/small><\/p>\n<hr>\n<h5>Vestring 1710\u20131730<\/h5>\n<p><small> \u2014 <\/small><\/p>\n<hr>\n<h5>Thor Helle 1732<\/h5>\n<p><small> \u2014 <\/small><\/p>\n<hr>\n<h5>Hupel 1818<\/h5>\n<p><small> \u2014 <\/small><\/p>\n<hr>\n<h5>Wiedemann 1893<\/h5>\n<p><small> <strong>a\u015btik<\/strong> <em>(A)<\/em><sup>[Alutaguse]<\/sup> <em>bis, seit<\/em> (= s\u0101dik). <\/small><\/p>\n<p><\/p><\/div>\n        <\/div>\n        <\/div>\n    <\/div>\n\n\n<p><\/p><div class=\"accordion mb-3\">\n        <div class=\"accordion-item accordion-item--white\">\n        <h2 class=\"accordion-header\" id=\"accordion-69f03377148bf-heading\">\n            <button class=\"accordion-button collapsed\" type=\"button\" data-bs-toggle=\"collapse\" data-bs-target=\"#accordion-69f03377148bf-collapse\" aria-expanded=\"true\" aria-controls=\"accordion-69f03377148bf-collapse\">Sagedus<\/button>\n        <\/h2>\n        <div id=\"accordion-69f03377148bf-collapse\" class=\"accordion-collapse collapse\" aria-labelledby=\"accordion-69f03377148bf-heading\">\n            <div class=\"accordion-body\">\n<p><small>10 000 tekstis\u00f5na kohta<\/small><\/p>\n<p><small> 16. sajandil \u2013 0,00<br>\n17. sajandil \u2013 0,01<br>\n18. sajandil \u2013 0,01 <\/small><\/p>\n<p><\/p><\/div>\n        <\/div>\n        <\/div>\n    <\/div>\n\n\n<p><\/p><div class=\"accordion mb-3\">\n        <div class=\"accordion-item accordion-item--white\">\n        <h2 class=\"accordion-header\" id=\"accordion-69f03377148c2-heading\">\n            <button class=\"accordion-button collapsed\" type=\"button\" data-bs-toggle=\"collapse\" data-bs-target=\"#accordion-69f03377148c2-collapse\" aria-expanded=\"true\" aria-controls=\"accordion-69f03377148c2-collapse\">Tekstiviited <\/button>\n        <\/h2>\n        <div id=\"accordion-69f03377148c2-collapse\" class=\"accordion-collapse collapse\" aria-labelledby=\"accordion-69f03377148c2-heading\">\n            <div class=\"accordion-body\">\n<p><small><a title=\"\" href=\"https:\/\/vakk.ut.ee\/otsi.php?lemma=asti&amp;liik=adp&amp;tahendus=&amp;sone=&amp;vorm=&amp;keel=&amp;kontekst=5&amp;tsajand=&amp;tliik=&amp;tlevik=&amp;tautor=*Stahl*&amp;taasta=&amp;tpealkiri=&amp;tkeel=&amp;boss=\" target=\"_blank\" rel=\"noopener\" data-url=\"https:\/\/vakk.ut.ee\/otsi.php?lemma=asti&amp;liik=adp&amp;tahendus=&amp;sone=&amp;vorm=&amp;keel=&amp;kontekst=5&amp;tsajand=&amp;tliik=&amp;tlevik=&amp;tautor=*Stahl*&amp;taasta=&amp;tpealkiri=&amp;tkeel=&amp;boss=\">Stahl (1632, 1637, 1638, 1641, 1649)<\/a><br>\n<a title=\"\" href=\"https:\/\/vakk.ut.ee\/otsi.php?lemma=astik&amp;liik=adp&amp;tahendus=&amp;sone=&amp;vorm=&amp;keel=&amp;kontekst=5&amp;tsajand=&amp;tliik=&amp;tlevik=&amp;tautor=*Arvelius*&amp;taasta=&amp;tpealkiri=&amp;tkeel=&amp;boss=\" target=\"_blank\" rel=\"noopener\" data-url=\"https:\/\/vakk.ut.ee\/otsi.php?lemma=astik&amp;liik=adp&amp;tahendus=&amp;sone=&amp;vorm=&amp;keel=&amp;kontekst=5&amp;tsajand=&amp;tliik=&amp;tlevik=&amp;tautor=*Arvelius*&amp;taasta=&amp;tpealkiri=&amp;tkeel=&amp;boss=\">Arvelius (1782)<\/a><\/small><\/p>\n<p><\/p><\/div>\n        <\/div>\n        <\/div>\n    <\/div>\n\n\n\n<h5 class=\"wp-block-heading\">Kirjandus<\/h5>\n\n\n\n<p><small>\u2022 Eesti biograafiline andmebaas <a href=\"http:\/\/www2.kirmus.ee\/biblioserver\/isik\/index.php?m=frontpage\" target=\"_blank\" rel=\"noreferrer noopener\">ISIK<\/a>.<br>\u2022 EMS = 1994\u2212\u2026 <a href=\"https:\/\/www.eki.ee\/dict\/ems\/index.cgi\" target=\"_blank\" rel=\"noreferrer noopener\">Eesti murrete s\u00f5naraamat<\/a>.<br>\u2022 H\u00e4kkinen, Kaisa 2004. Nykysuomen etymologinen sanakirja. WSOY.<br>\u2022 K\u00f5pp, Johan 1959. Kirik ja rahvas. Sugemeid Eesti rahva vaimse palge kujunemise teelt. Lund.<br>\u2022 Napiersky K. E. 1842, Beitr\u00e4ge zur Geschichte der Kirchen und Prediger in Livland, Erstes Heft. Livl\u00e4ndische Kirchen- und Prediger-Matrikel. Riga.<br>\u2022 Reila, Heiki 2007. Uue Testamendi Hornungi t\u00f5lke kohast vaimuliku eesti keele kujunemisloos. \u2013 Keel ja<br>Kirjandus 2, lk 143\u2013151.<br>\u2022 Tafenau, Kai 2011. Uue Testamendi t\u00f5lkimisest Rootsi ajal: k\u00e4sikirjad, t\u00f5lkijad ja eesti kirjakeel. (Dissertationes philologiae Estinicae Universitatis Tartuensis 27.) Tartu: Tartu \u00dclikooli Kirjastus.<\/small><\/p>\n\n\n\n<h4 class=\"wp-block-heading\">P\u00e4isepilt<\/h4>\n\n\n\n<p class=\"has-small-font-size\">Arvelius, Friedrich Gustav, 1782. \u00dcks Kaunis Jutto- ja \u00d6ppetusse-Ramat, lk 6. <a href=\"https:\/\/utlib.ut.ee\/eeva\/index.php?lang=et&amp;do=tekst&amp;tid=745\">https:\/\/utlib.ut.ee\/eeva\/index.php?lang=et&amp;do=tekst&amp;tid=745<\/a><\/p>\n","protected":false},"excerpt":{"rendered":"<p>Kaass\u00f5na asti \u2019alates\u2019 leidub \u00fchel korral Heinrich Stahli tekstides (1649) ja sama s\u00f5na variant astik kahel korral Friedrich Gustav Arveliuse tekstides (1782). T\u00e4henduses \u2019kuni\u2019 leidub astik lisaks veel \u00fches k\u00e4sikirjalises piiblit\u00f5lkes (M\u00fcncheni k\u00e4sikirjas aastast 1694; vt EPAK) Eesti murrete s\u00f5naraamat &#8230;<\/p>\n","protected":false},"author":167,"featured_media":1660,"comment_status":"open","ping_status":"open","sticky":false,"template":"","format":"standard","meta":{"_acf_changed":false,"inline_featured_image":false,"footnotes":""},"categories":[48,56,55],"tags":[],"class_list":["post-1449","post","type-post","status-publish","format-standard","has-post-thumbnail","hentry","category-piiblitolge","category-rannikumurre","category-soomeparasus"],"acf":[],"_links":{"self":[{"href":"https:\/\/sisu.ut.ee\/vaks\/wp-json\/wp\/v2\/posts\/1449","targetHints":{"allow":["GET"]}}],"collection":[{"href":"https:\/\/sisu.ut.ee\/vaks\/wp-json\/wp\/v2\/posts"}],"about":[{"href":"https:\/\/sisu.ut.ee\/vaks\/wp-json\/wp\/v2\/types\/post"}],"author":[{"embeddable":true,"href":"https:\/\/sisu.ut.ee\/vaks\/wp-json\/wp\/v2\/users\/167"}],"replies":[{"embeddable":true,"href":"https:\/\/sisu.ut.ee\/vaks\/wp-json\/wp\/v2\/comments?post=1449"}],"version-history":[{"count":2,"href":"https:\/\/sisu.ut.ee\/vaks\/wp-json\/wp\/v2\/posts\/1449\/revisions"}],"predecessor-version":[{"id":1662,"href":"https:\/\/sisu.ut.ee\/vaks\/wp-json\/wp\/v2\/posts\/1449\/revisions\/1662"}],"wp:featuredmedia":[{"embeddable":true,"href":"https:\/\/sisu.ut.ee\/vaks\/wp-json\/wp\/v2\/media\/1660"}],"wp:attachment":[{"href":"https:\/\/sisu.ut.ee\/vaks\/wp-json\/wp\/v2\/media?parent=1449"}],"wp:term":[{"taxonomy":"category","embeddable":true,"href":"https:\/\/sisu.ut.ee\/vaks\/wp-json\/wp\/v2\/categories?post=1449"},{"taxonomy":"post_tag","embeddable":true,"href":"https:\/\/sisu.ut.ee\/vaks\/wp-json\/wp\/v2\/tags?post=1449"}],"curies":[{"name":"wp","href":"https:\/\/api.w.org\/{rel}","templated":true}]}}