{"id":681,"date":"2025-03-16T10:14:50","date_gmt":"2025-03-16T08:14:50","guid":{"rendered":"https:\/\/sisu.ut.ee\/mitmekeelsus\/?p=681"},"modified":"2025-09-16T18:41:27","modified_gmt":"2025-09-16T15:41:27","slug":"birute-klaas-lang-mitmekeelsus-on-tanapaeval-norm","status":"publish","type":"post","link":"https:\/\/sisu.ut.ee\/mitmekeelsus\/birute-klaas-lang-mitmekeelsus-on-tanapaeval-norm\/","title":{"rendered":"Birute Klaas-Lang: mitmekeelsus on t\u00e4nap\u00e4eval norm"},"content":{"rendered":"<p class=\"has-text-align-right has-extra-small-font-size\"><em>Pilt: Airika Harrik (ERR)<\/em><\/p>\n\n\n\n<div style=\"height:100px\" aria-hidden=\"true\" class=\"wp-block-spacer\"><\/div>\n\n\n\n<h2 class=\"wp-block-heading\">Birute Klaas-Lang: mitmekeelsus on t\u00e4nap\u00e4eval norm<\/h2>\n\n\n\n<div style=\"height:25px\" aria-hidden=\"true\" class=\"wp-block-spacer\"><\/div>\n\n\n\n<p><strong>Eile, 15. m\u00e4rtsil, sai Vikerraadio saates \u201cKajalood\u201d kuulata intervjuud meie keskuse n\u00f5ukoja liikme Birute Klaas-Langiga. Saates lahati mitmesuguseid keelek\u00fcsimusi, sh r\u00e4\u00e4giti ka mitmekeelsusest. Intervjuud viis l\u00e4bi Kaja K\u00e4rner.<\/strong><\/p>\n\n\n\n<p>Saate keskmes olid erisugused teemad, juttu tuli n\u00e4iteks eesti keele arengukavast, l\u00e4ti \u00f5ppekeele reformist aga ka mitmekeelsusest. Heites pilgu omaenda mitmekeelsele taustale, t\u00f5des Birute Klaas-Lang: \u201c<strong>Mitmekeelsus on t\u00e4nap\u00e4eval norm.<\/strong> [\u2014] T\u00e4nap\u00e4eval\u00a0on\u00a0v\u00e4ga tavaline\u00a0see,\u00a0et\u00a0kodust\u00a0tuleb\u00a0kaasa\u00a0mitu\u00a0keelt\u00a0v\u00f5i\u00a0kodukeel\u00a0ja\u00a0\u00f5ppekeel\u00a0on erinevad\u00a0keeled. See\u00a0mitmekesisus\u00a0on\u00a0see,\u00a0mis\u00a0tegelikult\u00a0rikastab\u00a0inimest.\u201d<\/p>\n\n\n\n<p>Saadet saab j\u00e4rgi kuulata <a href=\"https:\/\/vikerraadio.err.ee\/1609619677\/kajalood-birute-klaas-lang-eesti-keel-on-eestlase-identiteedi-tugisammas\"><strong>Vikerraadio kodulehel<\/strong><\/a>.<\/p>\n","protected":false},"excerpt":{"rendered":"<p>Eile, 15. m\u00e4rtsil, sai Vikerraadio saates &#8220;Kajalood&#8221; kuulata intervjuud meie keskuse n\u00f5ukoja liikme Birute Klaas-Langiga. Saates lahati mitmesuguseid keelek\u00fcsimusi, sh r\u00e4\u00e4giti ka mitmekeelsusest. Intervjuud viis l\u00e4bi Kaja K\u00e4rner.<\/p>\n","protected":false},"author":308,"featured_media":682,"comment_status":"open","ping_status":"open","sticky":false,"template":"","format":"standard","meta":{"_acf_changed":false,"inline_featured_image":false,"footnotes":""},"categories":[24,27,21,19],"tags":[],"class_list":["post-681","post","type-post","status-publish","format-standard","has-post-thumbnail","hentry","category-esinemised","category-intervjuu","category-uhiskonnale","category-uudised"],"acf":[],"_links":{"self":[{"href":"https:\/\/sisu.ut.ee\/mitmekeelsus\/wp-json\/wp\/v2\/posts\/681","targetHints":{"allow":["GET"]}}],"collection":[{"href":"https:\/\/sisu.ut.ee\/mitmekeelsus\/wp-json\/wp\/v2\/posts"}],"about":[{"href":"https:\/\/sisu.ut.ee\/mitmekeelsus\/wp-json\/wp\/v2\/types\/post"}],"author":[{"embeddable":true,"href":"https:\/\/sisu.ut.ee\/mitmekeelsus\/wp-json\/wp\/v2\/users\/308"}],"replies":[{"embeddable":true,"href":"https:\/\/sisu.ut.ee\/mitmekeelsus\/wp-json\/wp\/v2\/comments?post=681"}],"version-history":[{"count":2,"href":"https:\/\/sisu.ut.ee\/mitmekeelsus\/wp-json\/wp\/v2\/posts\/681\/revisions"}],"predecessor-version":[{"id":744,"href":"https:\/\/sisu.ut.ee\/mitmekeelsus\/wp-json\/wp\/v2\/posts\/681\/revisions\/744"}],"wp:featuredmedia":[{"embeddable":true,"href":"https:\/\/sisu.ut.ee\/mitmekeelsus\/wp-json\/wp\/v2\/media\/682"}],"wp:attachment":[{"href":"https:\/\/sisu.ut.ee\/mitmekeelsus\/wp-json\/wp\/v2\/media?parent=681"}],"wp:term":[{"taxonomy":"category","embeddable":true,"href":"https:\/\/sisu.ut.ee\/mitmekeelsus\/wp-json\/wp\/v2\/categories?post=681"},{"taxonomy":"post_tag","embeddable":true,"href":"https:\/\/sisu.ut.ee\/mitmekeelsus\/wp-json\/wp\/v2\/tags?post=681"}],"curies":[{"name":"wp","href":"https:\/\/api.w.org\/{rel}","templated":true}]}}