{"id":678,"date":"2025-03-26T17:34:14","date_gmt":"2025-03-26T15:34:14","guid":{"rendered":"https:\/\/sisu.ut.ee\/mitmekeelsus\/?p=678"},"modified":"2025-09-16T18:19:10","modified_gmt":"2025-09-16T15:19:10","slug":"vorgustiku-bilingualism-matters-sumpoosiumil-tutvustati-eesti-parandkeeli","status":"publish","type":"post","link":"https:\/\/sisu.ut.ee\/mitmekeelsus\/vorgustiku-bilingualism-matters-sumpoosiumil-tutvustati-eesti-parandkeeli\/","title":{"rendered":"V\u00f5rgustiku Bilingualism Matters s\u00fcmpoosiumil tutvustati eesti p\u00e4randkeeli"},"content":{"rendered":"<p class=\"has-text-align-right has-extra-small-font-size\"><em>Pilt: Mari-Liis Korkus<\/em><\/p>\n\n\n\n<div style=\"height:55px\" aria-hidden=\"true\" class=\"wp-block-spacer\"><\/div>\n\n\n\n<h2 class=\"wp-block-heading\">V\u00f5rgustiku Bilingualism Matters s\u00fcmpoosiumil tutvustati eesti p\u00e4randkeeli<\/h2>\n\n\n\n<div style=\"height:25px\" aria-hidden=\"true\" class=\"wp-block-spacer\"><\/div>\n\n\n\n<p><strong>24.-25. m\u00e4rtsil korraldas rahvusvaheline v\u00f5rgustik Bilingualism Matters Edinburghis kakskeelsuse-teemalise s\u00fcmpoosiumi. Konverentsil pidasid ettekande ka Tartu \u00dclikooli doktorandid Adele Vaks ja Mari-Liis Korkus.<\/strong><\/p>\n\n\n\n<p>V\u00f5rgustiku <strong>Bilingualism Matters<\/strong> <strong>s\u00fcmpoosium<\/strong> on iga-aastane <strong>interdistsiplinaarne konverents<\/strong>, kus tulevad kokku kakskeelsusega seotud uurijad kui praktikud. S\u00fcmpoosium toimus t\u00e4navu Edinburghis, kus asub ka v\u00f5rgustiku peakontor.<\/p>\n\n\n\n<p>Kahe p\u00e4eva v\u00e4ltel sai kuulata mitmesuguseid ettekandeid, mis keskendusid n\u00e4iteks keelepoliitikale, kakskeele inimese keelearengule, p\u00e4randkeelte \u00f5petamisele, keelehoiakutele jpm. Konverentsi plenaarettekandeid pidasid <strong>Claudine Kirsch <\/strong>(Luksemburg), <strong>Viorica Marian <\/strong>(USA) ja <strong>Jubin Abutalebi <\/strong>(Itaalia). Lisaks astusid oma s\u00f5nav\u00f5ttudega \u00fcles v\u00f5rgustiku eestvedajad <strong>Antonella Sorace <\/strong>ja <strong>Katarzyna Przybycien<\/strong>, kes aprilli alguses esinevad ka meie keskuse ava\u00fcritusel.<\/p>\n\n\n\n<p>Konverentsi ettekandjate ridades astusid \u00fcles ka Tartu \u00dclikooli eesti ja \u00fcldkeeleteaduse instituudi doktorandid. <strong>Adele Vaks<\/strong> pidas ettekande teemal \u201cLanguage exposure and competence in heritage Estonian children in Norway\u201d (ingliskeelset sisukokkuv\u00f5tet saab lugeda <a href=\"https:\/\/virtual.oxfordabstracts.com\/event\/73450\/submission\/200\">siit<\/a>). Ettekandes tutvustas ta oma doktorit\u00f6\u00f6 valimisse kuuluvate 5-7-aastaste eesti-norra laste <strong>keelekeskkonda <\/strong>ning seda, kuidas m\u00f5jutab keelekeskkond <strong>eesti keele oskust.<\/strong>\u00a0<\/p>\n\n\n\n<p><strong>Mari-Liis Korkus<\/strong> esines ettekandega \u201cWhat does it mean to be proficient? Insights into proficiency-related attitudes of young Estonian heritage speakers in Sweden\u201d, mille  eesm\u00e4rk oli kirjeldada, millised on Rootsis elavate Eesti p\u00e4ritolu teismeliste <strong>hoiakud<\/strong> oma eesti, rootsi ja inglise keele oskuse suhtes ning kuidas nad \u00fcldse t\u00f5lgendavad <strong>keeleoskust<\/strong>. Ettekande sisukokkuv\u00f5tet (inglise keeles) saab lugeda <a href=\"https:\/\/virtual.oxfordabstracts.com\/event\/73450\/submission\/203\">siit<\/a>.<\/p>\n\n\n\n<p>Kokkuv\u00f5ttes kinnitas s\u00fcmpoosium, et <strong>kakskeelsus on t\u00e4nap\u00e4eva \u00fchiskonnas v\u00e4ga levinud<\/strong>, mist\u00f5ttu selle uurimine peab j\u00e4tkuma ka tulevikus. Rohkem infot konverentsi ja v\u00f5rgustiku kohta leiab <a href=\"http:\/\/bilingualism-matters.org\"><strong>siit<\/strong><\/a>.<\/p>\n","protected":false},"excerpt":{"rendered":"<p>24.-25. m\u00e4rtsil korraldas rahvusvaheline v\u00f5rgustik Bilingualism Matters Edinburghis kakskeelsuse-teemalise s\u00fcmpoosiumi. Konverentsil pidasid ettekande ka Tartu \u00dclikooli doktorandid Adele Vaks ja Mari-Liis Korkus.<\/p>\n","protected":false},"author":308,"featured_media":697,"comment_status":"open","ping_status":"open","sticky":false,"template":"","format":"standard","meta":{"_acf_changed":false,"inline_featured_image":false,"footnotes":""},"categories":[24,30,31,19],"tags":[],"class_list":["post-678","post","type-post","status-publish","format-standard","has-post-thumbnail","hentry","category-esinemised","category-konverents","category-teadlasele","category-uudised"],"acf":[],"_links":{"self":[{"href":"https:\/\/sisu.ut.ee\/mitmekeelsus\/wp-json\/wp\/v2\/posts\/678","targetHints":{"allow":["GET"]}}],"collection":[{"href":"https:\/\/sisu.ut.ee\/mitmekeelsus\/wp-json\/wp\/v2\/posts"}],"about":[{"href":"https:\/\/sisu.ut.ee\/mitmekeelsus\/wp-json\/wp\/v2\/types\/post"}],"author":[{"embeddable":true,"href":"https:\/\/sisu.ut.ee\/mitmekeelsus\/wp-json\/wp\/v2\/users\/308"}],"replies":[{"embeddable":true,"href":"https:\/\/sisu.ut.ee\/mitmekeelsus\/wp-json\/wp\/v2\/comments?post=678"}],"version-history":[{"count":4,"href":"https:\/\/sisu.ut.ee\/mitmekeelsus\/wp-json\/wp\/v2\/posts\/678\/revisions"}],"predecessor-version":[{"id":723,"href":"https:\/\/sisu.ut.ee\/mitmekeelsus\/wp-json\/wp\/v2\/posts\/678\/revisions\/723"}],"wp:featuredmedia":[{"embeddable":true,"href":"https:\/\/sisu.ut.ee\/mitmekeelsus\/wp-json\/wp\/v2\/media\/697"}],"wp:attachment":[{"href":"https:\/\/sisu.ut.ee\/mitmekeelsus\/wp-json\/wp\/v2\/media?parent=678"}],"wp:term":[{"taxonomy":"category","embeddable":true,"href":"https:\/\/sisu.ut.ee\/mitmekeelsus\/wp-json\/wp\/v2\/categories?post=678"},{"taxonomy":"post_tag","embeddable":true,"href":"https:\/\/sisu.ut.ee\/mitmekeelsus\/wp-json\/wp\/v2\/tags?post=678"}],"curies":[{"name":"wp","href":"https:\/\/api.w.org\/{rel}","templated":true}]}}