{"id":9,"date":"2023-10-13T07:20:08","date_gmt":"2024-04-04T05:10:43","guid":{"rendered":"https:\/\/sisu.ut.ee\/kliimateadlik\/kliimateadlik-reaalkooli-reaal-ja-loodusteadusliku-hariduse-konverentsil\/"},"modified":"2024-04-04T08:14:13","modified_gmt":"2024-04-04T05:14:13","slug":"kliimateadlik-reaalkooli-reaal-ja-loodusteadusliku-hariduse-konverentsil","status":"publish","type":"post","link":"https:\/\/sisu.ut.ee\/kliimateadlik\/kliimateadlik-reaalkooli-reaal-ja-loodusteadusliku-hariduse-konverentsil\/","title":{"rendered":"KLIIMATEADLIK Reaalkooli reaal- ja loodusteadusliku hariduse konverentsil"},"content":{"rendered":"<p>\r\n\t<img loading=\"lazy\" decoding=\"async\" width=\"250\" height=\"250\" class=\"alignnone wp-image-41\" style=\"width: 150px;height: 150px;float: left;margin-left: 10px;margin-right: 10px\" src=\"https:\/\/sisu.ut.ee\/wp-content\/uploads\/sites\/582\/pisipilt_kliima.png\" title=\"pisipilt_kliima.png\" alt=\"Kliimateadlik\" srcset=\"https:\/\/sisu.ut.ee\/wp-content\/uploads\/sites\/582\/pisipilt_kliima.png 250w, https:\/\/sisu.ut.ee\/wp-content\/uploads\/sites\/582\/pisipilt_kliima-150x150.png 150w\" sizes=\"auto, (max-width: 250px) 100vw, 250px\">Kliimateadlikud 15.-16.09.2023 Tallinna Reaalkooli reaal- ja loodusteadusliku hariduse konverentsil. Meie poolt said konverentsil s\u00f5na Bergeni \u00dclikooli loodusmuuseum (Universitetsmuseet i Bergen), andes \u00fclevaate, kuidas nad tutvustavad teadust ja teadusuuringuid \u00f5pilastele, t\u00f6\u00f6tavad v\u00e4lja \u00f5ppeprogramme koolidele ning mida seejuures oluliseks peavad ja Tartu \u00dclikooli kliimateaduste professor Piia Post teemal \u201cKuhu me selle kliimateadlikkuse seal \u00f5ppekavas paigutame?\u201d.\r\n<\/p>\r\n\r\n<p>\r\n\tViisime l\u00e4bi kaks t\u00f6\u00f6tuba kahe v\u00e4ljat\u00f6\u00f6tatud \u00f5piobjektiga:\r\n<\/p>\r\n\r\n<ul>\r\n\t<li>\r\n\t\tTartu \u00dclikooli haridusteaduste instituut I kooliastmele teemal \u201cMiks on ohtliku ilmaga seonduv t\u00e4htis muutuva kliima kontekstis?\u201d\u00a0\r\n\t<\/li>\r\n\t<li>\r\n\t\tTL\u00dc LTI \u00d6koloogia keskus III kooliastmele teemal \u201cKliimateadlikkus koolist \u00fchiskonda \u2013 Maale mahtuv majandus\u201d.\u00a0\r\n\t<\/li>\r\n<\/ul>\r\n\r\n<p>\r\n\tKliimateadlikel oli hea meel t\u00f5deda, et konverentsil kaasesinejate poolt v\u00e4lja\u00f6eldusse j\u00f5udis ka noorte m\u00f5tteid ning \u00fcks nendest oli ootus teadusp\u00f5hisele kliimaharidusele, mida KLIIMATEADLIKud projektis \u201cKliimateadlikkus koolist \u00fchiskonda\u201d ette valmistamas ongi. Oleme r\u00f5\u00f5msad, et suudame sammuda koos noortega \ud83d\ude42\r\n<\/p>\r\n\r\n\r\n<br><figure class=\"wp-block-gallery has-nested-images columns-3 is-cropped wp-block-gallery-1 is-layout-flex wp-block-gallery-is-layout-flex\"><figure class=\"wp-block-image size-large\"><a href=\"https:\/\/sisu.ut.ee\/wp-content\/uploads\/sites\/582\/pisipilt_kliima.png\"><img decoding=\"async\" data-id=\"41\" src=\"https:\/\/sisu.ut.ee\/wp-content\/uploads\/sites\/582\/pisipilt_kliima.png\" alt=\"\" class=\"wp-ima&lt;\/figcaption&gt;&lt;\/figure&gt;&lt;\/figure&gt;\"><\/a><\/figure><\/figure>","protected":false},"excerpt":{"rendered":"<p>Kliimateadlikud 15.-16.09.2023 Tallinna Reaalkooli reaal- ja loodusteadusliku hariduse konverentsil. Meie poolt said konverentsil s\u00f5na Bergeni \u00dclikooli loodusmuuseum (Universitetsmuseet i Bergen), andes \u00fclevaate, kuidas nad tutvustavad teadust ja teadusuuringuid \u00f5pilastele, t\u00f6\u00f6tavad v\u00e4lja \u00f5ppeprogramme koolidele ning mida seejuures oluliseks peavad ja Tartu &#8230;<\/p>\n","protected":false},"author":287,"featured_media":0,"comment_status":"closed","ping_status":"closed","sticky":false,"template":"","format":"standard","meta":{"_acf_changed":false,"inline_featured_image":false,"footnotes":""},"categories":[1],"tags":[],"class_list":["post-9","post","type-post","status-publish","format-standard","hentry","category-news"],"acf":[],"_links":{"self":[{"href":"https:\/\/sisu.ut.ee\/kliimateadlik\/wp-json\/wp\/v2\/posts\/9","targetHints":{"allow":["GET"]}}],"collection":[{"href":"https:\/\/sisu.ut.ee\/kliimateadlik\/wp-json\/wp\/v2\/posts"}],"about":[{"href":"https:\/\/sisu.ut.ee\/kliimateadlik\/wp-json\/wp\/v2\/types\/post"}],"author":[{"embeddable":true,"href":"https:\/\/sisu.ut.ee\/kliimateadlik\/wp-json\/wp\/v2\/users\/287"}],"replies":[{"embeddable":true,"href":"https:\/\/sisu.ut.ee\/kliimateadlik\/wp-json\/wp\/v2\/comments?post=9"}],"version-history":[{"count":3,"href":"https:\/\/sisu.ut.ee\/kliimateadlik\/wp-json\/wp\/v2\/posts\/9\/revisions"}],"predecessor-version":[{"id":150,"href":"https:\/\/sisu.ut.ee\/kliimateadlik\/wp-json\/wp\/v2\/posts\/9\/revisions\/150"}],"wp:attachment":[{"href":"https:\/\/sisu.ut.ee\/kliimateadlik\/wp-json\/wp\/v2\/media?parent=9"}],"wp:term":[{"taxonomy":"category","embeddable":true,"href":"https:\/\/sisu.ut.ee\/kliimateadlik\/wp-json\/wp\/v2\/categories?post=9"},{"taxonomy":"post_tag","embeddable":true,"href":"https:\/\/sisu.ut.ee\/kliimateadlik\/wp-json\/wp\/v2\/tags?post=9"}],"curies":[{"name":"wp","href":"https:\/\/api.w.org\/{rel}","templated":true}]}}