{"id":7,"date":"2023-10-05T18:31:34","date_gmt":"2024-04-04T05:10:43","guid":{"rendered":"https:\/\/sisu.ut.ee\/kliimateadlik\/keskkonnahariduse-konverents-kuidas-olla-edukas-muutuvas-kliimas-25-26-oktoobril\/"},"modified":"2024-04-04T08:14:13","modified_gmt":"2024-04-04T05:14:13","slug":"keskkonnahariduse-konverents-kuidas-olla-edukas-muutuvas-kliimas-25-26-oktoobril","status":"publish","type":"post","link":"https:\/\/sisu.ut.ee\/kliimateadlik\/keskkonnahariduse-konverents-kuidas-olla-edukas-muutuvas-kliimas-25-26-oktoobril\/","title":{"rendered":"Keskkonnahariduse konverents &#8220;Kuidas olla edukas muutuvas kliimas?&#8221; 25.-26. oktoobril Tallinnas"},"content":{"rendered":"<p>\r\n\tKliimateadlik v\u00f5tab osa 25.-26.10 Tallinnas toimuvast keskkonnahariduse konverentsist \u201cKuidas olla edukas muutuvas kliimas?\u201d. Kliimateadlikud esitavad kaks ettekannet ning on leitavad ka kliimateemaliste \u00f5ppematerjalide ja -vahendite tutvustamise messialal.\r\n<\/p>\r\n\r\n<p>\r\n\t\u00dcrituse kohta leiab infot siit: <strong><a data-url=\"https:\/\/keskkonnaharidus.ee\/et\/vorgustik\/keskkonnahariduse-konverents-2023?fbclid=IwAR2q3vKh7kia75wcB93J2F5_O5t6pqI7vu9tYSoISBaHzqwMtoMGg-IIQo4\" href=\"https:\/\/keskkonnaharidus.ee\/et\/vorgustik\/keskkonnahariduse-konverents-2023?fbclid=IwAR2q3vKh7kia75wcB93J2F5_O5t6pqI7vu9tYSoISBaHzqwMtoMGg-IIQo4\" target=\"_blank\" title=\"\" rel=\"noopener\">Keskkonnahariduse konverentsi veebileht<\/a><\/strong>\r\n<\/p>\r\n\r\n<p>\r\n\tRegistreerida saab ennast siin: <strong><a data-url=\"https:\/\/docs.google.com\/forms\/d\/e\/1FAIpQLSePT0h2x59DQUR_ZktAxn2oJsDpHdL0-i2lIlaWnixj5Fx_Tg\/viewform?fbclid=IwAR1l-gGJPZA1o7HSuEFPS2lm2lxkKaS_ZlcPhGKDT4NUoWZsNpge4JDPFEIn\" href=\"https:\/\/docs.google.com\/forms\/d\/e\/1FAIpQLSePT0h2x59DQUR_ZktAxn2oJsDpHdL0-i2lIlaWnixj5Fx_Tg\/viewform?fbclid=IwAR1l-gGJPZA1o7HSuEFPS2lm2lxkKaS_ZlcPhGKDT4NUoWZsNpge4JDPFEIn\" target=\"_blank\" title=\"\" rel=\"noopener\">Registreeru konverentsile<\/a><\/strong>\r\n<\/p>\r\n\r\n<p>\r\n\t\u00a0\r\n<\/p>\r\n\r\n<p>\r\n\t<b><u>25.10, 11.00\u201312.00<\/u><\/b>\r\n<\/p>\r\n\r\n<p>\r\n\tKLIIMATEADLIK muudab \u00fchiskonda, mitte kliimat!<br><strong>Piia Post<\/strong>, T\u00dc F\u00fc\u00fcsika Instituudi kliimateaduste professor<br>Kliimamuutuste osas kirjaoskaja on inimene, kes m\u00f5istab, kuidas kliima m\u00f5jutab teda ja kogu \u00fchiskonda ning kuidas tema m\u00f5jutab kliimat. Ta saab aru inimtekkeliste kliimamuutuste p\u00f5hjustest, aga tal on ka oskused ja hoiakud, et v\u00f5tta vastu teadmisp\u00f5hiseid ning vastutustundlikke otsuseid kliimamuutuste m\u00f5jude v\u00e4hendamise ning nendega kohanemise osas. Juttu tuleb sellest, missugused p\u00e4devused moodustavad kliimamuutuste kirjaoskuse ning kuidas me Eestis peaksime edasi minema, et Eesti inimene oleks kliimateadlikum ja aitaks kaasa teadlikumatele ja t\u00f5husamatele kliimamuutustega seotud otsustele ja tegevustele.\r\n<\/p>\r\n\r\n<p>\r\n\t<b><u>25.10, 14.20\u201314.50<\/u><\/b>\r\n<\/p>\r\n\r\n<p>\r\n\tKLIIMATEADLIKkus koolist \u00fchiskonda: laste, noorte ja \u00f5petajate v\u00f5imestamine kliimamuutuste m\u00f5jude v\u00e4hendamiseks.<br><strong>Kristel Uiboupin<\/strong>, T\u00dc F\u00fc\u00fcsika Instituut, projekti Kliimateadlik projektijuht.<br>K\u00e4esoleva aja suur ja oluline teema on inimtekkelised kliimamuutused. Eesti inimeste kliimateadlikkus on uuringute p\u00f5hjal pigem madal. Projekti KLIIMATEADLIK p\u00f5hieesm\u00e4rk on suurendada Eesti \u00fchiskonna kliimateadlikkust s\u00fcsteemse kliimahariduse kaudu k\u00f5igil haridusastmetel.\r\n<\/p>\r\n\r\n<p>\r\n\t<b><u>25.10, 15.30\u201317.00<\/u><\/b>\r\n<\/p>\r\n\r\n<p>\r\n\tKliimateemaliste \u00f5ppematerjalide ja -vahendite tutvustamise messialal esitlevad Piia Post (T\u00dc) ja Kristel Uiboupin (T\u00dc) eestikeelset teadusp\u00f5hist \u00f5ppematerjali kliimamuutustest \u201cKliimamuutuste ABC\u201d.<br><strong>Erko Jakobson<\/strong> (T\u00dc), <strong>Karin Nurme<\/strong> (EM\u00dc), <strong>Merrit Shanskiy<\/strong> (EM\u00dc) annavad \u00fclevaate teistest valminud ja valmivatest \u00f5ppematerjalidest nii \u00f5petajatele kui \u00f5pilastele. \u00d5ppematerjalid koostatakse k\u00f5ikidele kooliastmetele, samuti huviharidusele. \u00d5ppematerjalide l\u00e4bivateks teemadeks on \u201cMuutused keskkonnas\u201d, \u201cElurikkus\u201d ning \u201cTootmine ja tarbimine\u201d.\r\n<\/p>\r\n<br><figure class=\"wp-block-gallery has-nested-images columns-3 is-cropped wp-block-gallery-1 is-layout-flex wp-block-gallery-is-layout-flex\"><figure class=\"wp-block-image size-large\"><a href=\"https:\/\/sisu.ut.ee\/wp-content\/uploads\/sites\/582\/pisipilt_kliima.png\"><img decoding=\"async\" data-id=\"41\" src=\"https:\/\/sisu.ut.ee\/wp-content\/uploads\/sites\/582\/pisipilt_kliima.png\" alt=\"\" class=\"wp-ima&lt;\/figcaption&gt;&lt;\/figure&gt;&lt;figure class=\" wp-block-image size-large><\/a><a href=\"https:\/\/sisu.ut.ee\/wp-content\/uploads\/sites\/582\/378236185_273369122302607_6112702110693903633_n.jpg\"><img decoding=\"async\" data-id=\"42\" src=\"https:\/\/sisu.ut.ee\/wp-content\/uploads\/sites\/582\/378236185_273369122302607_6112702110693903633_n.jpg\" alt=\"\" class=\"wp-ima&lt;\/figcaption&gt;&lt;\/figure&gt;&lt;\/figure&gt;\"><\/a><\/figure><\/figure>","protected":false},"excerpt":{"rendered":"<p>Kliimateadlik v\u00f5tab osa 25.-26.10 Tallinnas toimuvast keskkonnahariduse konverentsist \u201cKuidas olla edukas muutuvas kliimas?\u201d. Kliimateadlikud esitavad kaks ettekannet ning on leitavad ka kliimateemaliste \u00f5ppematerjalide ja -vahendite tutvustamise messialal. \u00dcrituse kohta leiab infot siit: Keskkonnahariduse konverentsi veebileht Registreerida saab ennast siin: Registreeru &#8230;<\/p>\n","protected":false},"author":287,"featured_media":0,"comment_status":"closed","ping_status":"closed","sticky":false,"template":"","format":"standard","meta":{"_acf_changed":false,"inline_featured_image":false,"footnotes":""},"categories":[1],"tags":[],"class_list":["post-7","post","type-post","status-publish","format-standard","hentry","category-news"],"acf":[],"_links":{"self":[{"href":"https:\/\/sisu.ut.ee\/kliimateadlik\/wp-json\/wp\/v2\/posts\/7","targetHints":{"allow":["GET"]}}],"collection":[{"href":"https:\/\/sisu.ut.ee\/kliimateadlik\/wp-json\/wp\/v2\/posts"}],"about":[{"href":"https:\/\/sisu.ut.ee\/kliimateadlik\/wp-json\/wp\/v2\/types\/post"}],"author":[{"embeddable":true,"href":"https:\/\/sisu.ut.ee\/kliimateadlik\/wp-json\/wp\/v2\/users\/287"}],"replies":[{"embeddable":true,"href":"https:\/\/sisu.ut.ee\/kliimateadlik\/wp-json\/wp\/v2\/comments?post=7"}],"version-history":[{"count":2,"href":"https:\/\/sisu.ut.ee\/kliimateadlik\/wp-json\/wp\/v2\/posts\/7\/revisions"}],"predecessor-version":[{"id":151,"href":"https:\/\/sisu.ut.ee\/kliimateadlik\/wp-json\/wp\/v2\/posts\/7\/revisions\/151"}],"wp:attachment":[{"href":"https:\/\/sisu.ut.ee\/kliimateadlik\/wp-json\/wp\/v2\/media?parent=7"}],"wp:term":[{"taxonomy":"category","embeddable":true,"href":"https:\/\/sisu.ut.ee\/kliimateadlik\/wp-json\/wp\/v2\/categories?post=7"},{"taxonomy":"post_tag","embeddable":true,"href":"https:\/\/sisu.ut.ee\/kliimateadlik\/wp-json\/wp\/v2\/tags?post=7"}],"curies":[{"name":"wp","href":"https:\/\/api.w.org\/{rel}","templated":true}]}}