{"id":5,"date":"2023-05-04T08:50:53","date_gmt":"2024-04-04T05:10:43","guid":{"rendered":"https:\/\/sisu.ut.ee\/kliimateadlik\/kliimamuutuste-abc-oppepaevad\/"},"modified":"2024-04-04T08:14:13","modified_gmt":"2024-04-04T05:14:13","slug":"kliimamuutuste-abc-oppepaevad","status":"publish","type":"post","link":"https:\/\/sisu.ut.ee\/kliimateadlik\/kliimamuutuste-abc-oppepaevad\/","title":{"rendered":"Kliimamuutuste ABC \u00f5ppep\u00e4evad"},"content":{"rendered":"<p>\r\n\t<img decoding=\"async\" alt=\"Koolitusp\u00e4ev\" class=\"\" data-file_info=\"%7B%22fid%22:%2279664%22,%22view_mode%22:%22default%22,%22type%22:%22media%22%7D\" src=\"https:\/\/sisu.ut.ee\/wp-content\/uploads\/sites\/582\/img_1347_01.jpg\" style=\"float: left;margin-left: 10px;margin-right: 10px;height: 150px;width: 150px\" title=\"\">Neli koolitusp\u00e4eva\u00a0 neljas erinevas linnas ning \u00fcle 300 osaleja, kes k\u00f5ik soovisid rohkem teada saada kliimast ja kliimaga seotud teemadest.\u00a0\r\n<\/p>\r\n\r\n<p>\r\n\tP\u00e4eva esimeses osas andsime \u00fclevaate \u201eKliimamuutuste ABC\u201d \u00f5ppematerjalist, mis keskendub kliima ja kliimamuutuste k\u00e4sitlemisele, tuginedes parimale t\u00e4nasele teaduslikule teadmisele. Kliimamuutuste ABC annab vajalikud alusteadmised teema integreerimiseks erinevatesse \u00f5ppeainetesse.\r\n<\/p>\r\n\r\n<p>\r\n\tTeises p\u00e4eva osas esitlesid erinevad \u00f5ppej\u00f5ud, teadurid, teadlased enda ettekandeid erinevatest kliimaga seotud teemadest.\r\n<\/p>\r\n\r\n<p>\r\n\t\u00a0\r\n<\/p>\r\n\r\n<h3>\r\n\tEttekannete teemad ja esitajad:\r\n<\/h3>\r\n\r\n<table class=\"table table-hover\" border=\"1\" cellpadding=\"2\" cellspacing=\"0\">\r\n\t<tbody>\r\n\t\t<tr>\r\n\t\t\t<td>\r\n\t\t\t\t<strong>Esitaja(d)<\/strong>\r\n\t\t\t<\/td>\r\n\t\t\t<td>\r\n\t\t\t\t<strong>Ettekande pealkiri<\/strong>\r\n\t\t\t<\/td>\r\n\t\t<\/tr>\r\n\t\t<tr>\r\n\t\t\t<td>\r\n\t\t\t\tPiia Post\/Velle Toll (T\u00dc)\r\n\t\t\t<\/td>\r\n\t\t\t<td>\r\n\t\t\t\tKas Eesti tulevik on tormisem?\r\n\t\t\t<\/td>\r\n\t\t<\/tr>\r\n\t\t<tr>\r\n\t\t\t<td>\r\n\t\t\t\tHeikki Junninen (T\u00dc)\r\n\t\t\t<\/td>\r\n\t\t\t<td>\r\n\t\t\t\tAerosoolide roll kliimas\u00fcsteemis\r\n\t\t\t<\/td>\r\n\t\t<\/tr>\r\n\t\t<tr>\r\n\t\t\t<td>\r\n\t\t\t\tMargit Keller (T\u00dc)\r\n\t\t\t<\/td>\r\n\t\t\t<td>\r\n\t\t\t\tKestlik areng \u2013 kuidas sellest m\u00f5elda ja mida selleks teha?\r\n\t\t\t<\/td>\r\n\t\t<\/tr>\r\n\t\t<tr>\r\n\t\t\t<td>\r\n\t\t\t\tUlrike Plath (TL\u00dc)\r\n\t\t\t<\/td>\r\n\t\t\t<td>\r\n\t\t\t\tMilleks kliimaajalugu?\r\n\t\t\t<\/td>\r\n\t\t<\/tr>\r\n\t\t<tr>\r\n\t\t\t<td>\r\n\t\t\t\tKarin Nurmes (EM\u00dc)\r\n\t\t\t<\/td>\r\n\t\t\t<td>\r\n\t\t\t\tP\u00f5llumajandus muutuvas kliima\r\n\t\t\t<\/td>\r\n\t\t<\/tr>\r\n\t\t<tr>\r\n\t\t\t<td>\r\n\t\t\t\tAnneli Poska\u200b (TalTech)\r\n\t\t\t<\/td>\r\n\t\t\t<td>\r\n\t\t\t\tKliimamuutused minevikus ja t\u00e4nap\u00e4eval\r\n\t\t\t<\/td>\r\n\t\t<\/tr>\r\n\t\t<tr>\r\n\t\t\t<td>\r\n\t\t\t\tEvelin J\u00fcrgenson (EM\u00dc)\r\n\t\t\t<\/td>\r\n\t\t\t<td>\r\n\t\t\t\tKliimamuutused ja maakasutus\r\n\t\t\t<\/td>\r\n\t\t<\/tr>\r\n\t\t<tr>\r\n\t\t\t<td>\r\n\t\t\t\tOve Olls (T\u00dc)\r\n\t\t\t<\/td>\r\n\t\t\t<td>\r\n\t\t\t\tJ\u00e4tkusuutlikud rakendused energiatehnoloogia\r\n\t\t\t<\/td>\r\n\t\t<\/tr>\r\n\t\t<tr>\r\n\t\t\t<td>\r\n\t\t\t\tTimo Maran (T\u00dc)\r\n\t\t\t<\/td>\r\n\t\t\t<td>\r\n\t\t\t\tKultuuri roll rohep\u00f6\u00f6rdesja tasaarengus\r\n\t\t\t<\/td>\r\n\t\t<\/tr>\r\n\t\t<tr>\r\n\t\t\t<td>\r\n\t\t\t\tKaarel Vanam\u00f6lder (TL\u00dc)\r\n\t\t\t<\/td>\r\n\t\t\t<td>\r\n\t\t\t\tMuutuv kliima, muutuv keskkond \u00fchiskonna reageeringud sellele ajaloolises vaates\r\n\t\t\t<\/td>\r\n\t\t<\/tr>\r\n\t\t<tr>\r\n\t\t\t<td>\r\n\t\t\t\tAet Annist (T\u00dc ja TL\u00dc)\r\n\t\t\t<\/td>\r\n\t\t\t<td>\r\n\t\t\t\tKliima ja \u00fchiskond\r\n\t\t\t<\/td>\r\n\t\t<\/tr>\r\n\t\t<tr>\r\n\t\t\t<td>\r\n\t\t\t\tHannes T\u00f5nisson! (TL\u00dc)\r\n\t\t\t<\/td>\r\n\t\t\t<td>\r\n\t\t\t\tKuidas muutuvas kliimas h\u00e4sti hakkama saada -rannikute n\u00e4ide\r\n\t\t\t<\/td>\r\n\t\t<\/tr>\r\n\t\t<tr>\r\n\t\t\t<td>\r\n\t\t\t\tMerrit Shanskiy (EM\u00dc)\r\n\t\t\t<\/td>\r\n\t\t\t<td>\r\n\t\t\t\tMuld ja kliimamuutused\r\n\t\t\t<\/td>\r\n\t\t<\/tr>\r\n\t\t<tr>\r\n\t\t\t<td>\r\n\t\t\t\tVelle Toll\u00a0(T\u00dc)\r\n\t\t\t<\/td>\r\n\t\t\t<td>\r\n\t\t\t\tInimtegevuse m\u00f5ju Maa kliimal\r\n\t\t\t<\/td>\r\n\t\t<\/tr>\r\n\t<\/tbody>\r\n<\/table>\r\n\r\n<p>\r\n\t\u00a0\r\n<\/p>\r\n\r\n<p>\r\n\tKolmandas p\u00e4eva osas oli v\u00f5imalik k\u00f5igil osalistel osaleda r\u00fchmat\u00f6\u00f6l, kus nad pidid artiklist v\u00e4lja valima kliimaga seotud v\u00e4iteid ning otsutama, kas antud v\u00e4ide on t\u00f5ene v\u00f5i v\u00e4\u00e4r. N\u00e4iteks kas p\u00e4ike tiirleb \u00fcmber maa v\u00f5i ikkagi maa tiirleb \u00fcmber p\u00e4ikese.\r\n<\/p>\r\n\r\n<p>\r\n\tViimases p\u00e4eva osas oli v\u00f5imalus k\u00f5igil enda leide ja m\u00f5tteid ka teistele tutvustada.\r\n<\/p>\r\n\r\n\r\n<br><figure class=\"wp-block-gallery has-nested-images columns-3 is-cropped wp-block-gallery-1 is-layout-flex wp-block-gallery-is-layout-flex\"><figure class=\"wp-block-image size-large\"><a href=\"https:\/\/sisu.ut.ee\/wp-content\/uploads\/sites\/582\/20230302_122343-scaled.jpg\"><img decoding=\"async\" data-id=\"33\" src=\"https:\/\/sisu.ut.ee\/wp-content\/uploads\/sites\/582\/20230302_122343-scaled.jpg\" alt=\"\" class=\"wp-ima&lt;\/figcaption&gt;&lt;\/figure&gt;&lt;figure class=\" wp-block-image size-large><\/a><a href=\"https:\/\/sisu.ut.ee\/wp-content\/uploads\/sites\/582\/20230302_135619-scaled.jpg\"><img decoding=\"async\" data-id=\"34\" src=\"https:\/\/sisu.ut.ee\/wp-content\/uploads\/sites\/582\/20230302_135619-scaled.jpg\" alt=\"\" class=\"wp-ima&lt;\/figcaption&gt;&lt;\/figure&gt;&lt;figure class=\" wp-block-image size-large><\/a><a href=\"https:\/\/sisu.ut.ee\/wp-content\/uploads\/sites\/582\/y52a4140_1-scaled.jpg\"><img decoding=\"async\" data-id=\"35\" src=\"https:\/\/sisu.ut.ee\/wp-content\/uploads\/sites\/582\/y52a4140_1-scaled.jpg\" alt=\"\" class=\"wp-ima&lt;\/figcaption&gt;&lt;\/figure&gt;&lt;figure class=\" wp-block-image size-large><\/a><a href=\"https:\/\/sisu.ut.ee\/wp-content\/uploads\/sites\/582\/img_1347-scaled.jpg\"><img decoding=\"async\" data-id=\"36\" src=\"https:\/\/sisu.ut.ee\/wp-content\/uploads\/sites\/582\/img_1347-scaled.jpg\" alt=\"\" class=\"wp-ima&lt;\/figcaption&gt;&lt;\/figure&gt;&lt;figure class=\" wp-block-image size-large><\/a><a href=\"https:\/\/sisu.ut.ee\/wp-content\/uploads\/sites\/582\/20230302_135619-scaled.jpg\"><img decoding=\"async\" data-id=\"34\" src=\"https:\/\/sisu.ut.ee\/wp-content\/uploads\/sites\/582\/20230302_135619-scaled.jpg\" alt=\"\" class=\"wp-ima&lt;\/figcaption&gt;&lt;\/figure&gt;&lt;figure class=\" wp-block-image size-large><\/a><a href=\"https:\/\/sisu.ut.ee\/wp-content\/uploads\/sites\/582\/20230302_135840-scaled.jpg\"><img decoding=\"async\" data-id=\"38\" src=\"https:\/\/sisu.ut.ee\/wp-content\/uploads\/sites\/582\/20230302_135840-scaled.jpg\" alt=\"\" class=\"wp-ima&lt;\/figcaption&gt;&lt;\/figure&gt;&lt;figure class=\" wp-block-image size-large><\/a><a href=\"https:\/\/sisu.ut.ee\/wp-content\/uploads\/sites\/582\/20230302_151832-scaled.jpg\"><img decoding=\"async\" data-id=\"39\" src=\"https:\/\/sisu.ut.ee\/wp-content\/uploads\/sites\/582\/20230302_151832-scaled.jpg\" alt=\"\" class=\"wp-ima&lt;\/figcaption&gt;&lt;\/figure&gt;&lt;\/figure&gt;\"><\/a><\/figure><\/figure>","protected":false},"excerpt":{"rendered":"<p>Neli koolitusp\u00e4eva\u00a0 neljas erinevas linnas ning \u00fcle 300 osaleja, kes k\u00f5ik soovisid rohkem teada saada kliimast ja kliimaga seotud teemadest.\u00a0 P\u00e4eva esimeses osas andsime \u00fclevaate \u201eKliimamuutuste ABC\u201d \u00f5ppematerjalist, mis keskendub kliima ja kliimamuutuste k\u00e4sitlemisele, tuginedes parimale t\u00e4nasele teaduslikule teadmisele. Kliimamuutuste &#8230;<\/p>\n","protected":false},"author":287,"featured_media":0,"comment_status":"closed","ping_status":"closed","sticky":false,"template":"","format":"standard","meta":{"_acf_changed":false,"inline_featured_image":false,"footnotes":""},"categories":[1],"tags":[],"class_list":["post-5","post","type-post","status-publish","format-standard","hentry","category-news"],"acf":[],"_links":{"self":[{"href":"https:\/\/sisu.ut.ee\/kliimateadlik\/wp-json\/wp\/v2\/posts\/5","targetHints":{"allow":["GET"]}}],"collection":[{"href":"https:\/\/sisu.ut.ee\/kliimateadlik\/wp-json\/wp\/v2\/posts"}],"about":[{"href":"https:\/\/sisu.ut.ee\/kliimateadlik\/wp-json\/wp\/v2\/types\/post"}],"author":[{"embeddable":true,"href":"https:\/\/sisu.ut.ee\/kliimateadlik\/wp-json\/wp\/v2\/users\/287"}],"replies":[{"embeddable":true,"href":"https:\/\/sisu.ut.ee\/kliimateadlik\/wp-json\/wp\/v2\/comments?post=5"}],"version-history":[{"count":2,"href":"https:\/\/sisu.ut.ee\/kliimateadlik\/wp-json\/wp\/v2\/posts\/5\/revisions"}],"predecessor-version":[{"id":152,"href":"https:\/\/sisu.ut.ee\/kliimateadlik\/wp-json\/wp\/v2\/posts\/5\/revisions\/152"}],"wp:attachment":[{"href":"https:\/\/sisu.ut.ee\/kliimateadlik\/wp-json\/wp\/v2\/media?parent=5"}],"wp:term":[{"taxonomy":"category","embeddable":true,"href":"https:\/\/sisu.ut.ee\/kliimateadlik\/wp-json\/wp\/v2\/categories?post=5"},{"taxonomy":"post_tag","embeddable":true,"href":"https:\/\/sisu.ut.ee\/kliimateadlik\/wp-json\/wp\/v2\/tags?post=5"}],"curies":[{"name":"wp","href":"https:\/\/api.w.org\/{rel}","templated":true}]}}