{"id":3,"date":"2022-12-14T07:58:03","date_gmt":"2024-04-04T05:10:43","guid":{"rendered":"https:\/\/sisu.ut.ee\/kliimateadlik\/globei-koolide-koolituspaev\/"},"modified":"2024-04-04T13:32:27","modified_gmt":"2024-04-04T10:32:27","slug":"globei-koolide-koolituspaev","status":"publish","type":"post","link":"https:\/\/sisu.ut.ee\/kliimateadlik\/globei-koolide-koolituspaev\/","title":{"rendered":"GLOBE\u00b4i koolide koolitusp\u00e4ev"},"content":{"rendered":"<p>\n\t<img loading=\"lazy\" decoding=\"async\" width=\"180\" height=\"180\" class=\"alignnone wp-image-32\" style=\"width: 150px;height: 150px;margin-left: 10px;margin-right: 10px;float: left\" src=\"https:\/\/sisu.ut.ee\/wp-content\/uploads\/sites\/582\/img_1902_01.png\" title=\"globe.png\" alt=\"GLOBE\" srcset=\"https:\/\/sisu.ut.ee\/wp-content\/uploads\/sites\/582\/img_1902_01.png 180w, https:\/\/sisu.ut.ee\/wp-content\/uploads\/sites\/582\/img_1902_01-150x150.png 150w\" sizes=\"auto, (max-width: 180px) 100vw, 180px\">2. detsembril 2022 toimus GLOBE\u00b4i koolide koolitusp\u00e4ev, kus \u201cKliimateadlikkus koolist \u00fchiskonda: laste, noorte ja \u00f5petajate v\u00f5imestamine kliimamuutuste m\u00f5jude v\u00e4hendamiseks\u201d projekti tutvustasid Piia Post ja Kristel Uiboupin.\n<\/p>\n<p>\n\tR\u00e4\u00e4giti, mis on projekti eesm\u00e4rk ja mida soovitakse saavutada. Lisaks sellele tutvustati koolitusi, mis on tulemas j\u00e4rgmisel aastal. Esimeseks on koolitus \u201eKliimamuutuste ABC\u201d, kus keskendutakse kliima ja kliimamuutuste k\u00e4sitlemisele, tuginedes parimale t\u00e4nasele teaduslikule teadmisele.\n<\/p>\n<p>\n\t\u00a0\n<\/p>\n<p>\n\t\u00a0\n<\/p>\n<p>\n\t\u00a0\n<\/p>\n<p><\/p>\n\n\n<figure class=\"wp-block-gallery has-nested-images columns-3 is-cropped wp-block-gallery-1 is-layout-flex wp-block-gallery-is-layout-flex\">\n<figure class=\"wp-block-image size-large\"><a href=\"https:\/\/sisu.ut.ee\/wp-content\/uploads\/sites\/582\/img_1915.png\"><img loading=\"lazy\" decoding=\"async\" width=\"1024\" height=\"768\" data-id=\"30\" src=\"https:\/\/sisu.ut.ee\/wp-content\/uploads\/sites\/582\/img_1915-1024x768.png\" alt=\"\" class=\"wp-image-30\" srcset=\"https:\/\/sisu.ut.ee\/wp-content\/uploads\/sites\/582\/img_1915-1024x768.png 1024w, https:\/\/sisu.ut.ee\/wp-content\/uploads\/sites\/582\/img_1915-300x225.png 300w, https:\/\/sisu.ut.ee\/wp-content\/uploads\/sites\/582\/img_1915-768x576.png 768w, https:\/\/sisu.ut.ee\/wp-content\/uploads\/sites\/582\/img_1915-1536x1152.png 1536w, https:\/\/sisu.ut.ee\/wp-content\/uploads\/sites\/582\/img_1915-2048x1536.png 2048w, https:\/\/sisu.ut.ee\/wp-content\/uploads\/sites\/582\/img_1915-1920x1440.png 1920w\" sizes=\"auto, (max-width: 1024px) 100vw, 1024px\"><\/a><\/figure>\n\n\n\n<figure class=\"wp-block-image size-large\"><a href=\"https:\/\/sisu.ut.ee\/wp-content\/uploads\/sites\/582\/img_1902.png\"><img loading=\"lazy\" decoding=\"async\" width=\"768\" height=\"1024\" data-id=\"31\" src=\"https:\/\/sisu.ut.ee\/wp-content\/uploads\/sites\/582\/img_1902-768x1024.png\" alt=\"GLOBE\" class=\"wp-image-31\" srcset=\"https:\/\/sisu.ut.ee\/wp-content\/uploads\/sites\/582\/img_1902-768x1024.png 768w, https:\/\/sisu.ut.ee\/wp-content\/uploads\/sites\/582\/img_1902-225x300.png 225w, https:\/\/sisu.ut.ee\/wp-content\/uploads\/sites\/582\/img_1902-1152x1536.png 1152w, https:\/\/sisu.ut.ee\/wp-content\/uploads\/sites\/582\/img_1902-1536x2048.png 1536w, https:\/\/sisu.ut.ee\/wp-content\/uploads\/sites\/582\/img_1902-1920x2560.png 1920w\" sizes=\"auto, (max-width: 768px) 100vw, 768px\"><\/a><\/figure>\n<\/figure>\n","protected":false},"excerpt":{"rendered":"<p>2. detsembril 2022 toimus GLOBE\u00b4i koolide koolitusp\u00e4ev, kus \u201cKliimateadlikkus koolist \u00fchiskonda: laste, noorte ja \u00f5petajate v\u00f5imestamine kliimamuutuste m\u00f5jude v\u00e4hendamiseks\u201d projekti tutvustasid Piia Post ja Kristel Uiboupin. R\u00e4\u00e4giti, mis on projekti eesm\u00e4rk ja mida soovitakse saavutada. Lisaks sellele tutvustati koolitusi, mis &#8230;<\/p>\n","protected":false},"author":287,"featured_media":31,"comment_status":"closed","ping_status":"closed","sticky":false,"template":"","format":"standard","meta":{"_acf_changed":false,"inline_featured_image":false,"footnotes":""},"categories":[1],"tags":[],"class_list":["post-3","post","type-post","status-publish","format-standard","has-post-thumbnail","hentry","category-news"],"acf":[],"_links":{"self":[{"href":"https:\/\/sisu.ut.ee\/kliimateadlik\/wp-json\/wp\/v2\/posts\/3","targetHints":{"allow":["GET"]}}],"collection":[{"href":"https:\/\/sisu.ut.ee\/kliimateadlik\/wp-json\/wp\/v2\/posts"}],"about":[{"href":"https:\/\/sisu.ut.ee\/kliimateadlik\/wp-json\/wp\/v2\/types\/post"}],"author":[{"embeddable":true,"href":"https:\/\/sisu.ut.ee\/kliimateadlik\/wp-json\/wp\/v2\/users\/287"}],"replies":[{"embeddable":true,"href":"https:\/\/sisu.ut.ee\/kliimateadlik\/wp-json\/wp\/v2\/comments?post=3"}],"version-history":[{"count":4,"href":"https:\/\/sisu.ut.ee\/kliimateadlik\/wp-json\/wp\/v2\/posts\/3\/revisions"}],"predecessor-version":[{"id":169,"href":"https:\/\/sisu.ut.ee\/kliimateadlik\/wp-json\/wp\/v2\/posts\/3\/revisions\/169"}],"wp:featuredmedia":[{"embeddable":true,"href":"https:\/\/sisu.ut.ee\/kliimateadlik\/wp-json\/wp\/v2\/media\/31"}],"wp:attachment":[{"href":"https:\/\/sisu.ut.ee\/kliimateadlik\/wp-json\/wp\/v2\/media?parent=3"}],"wp:term":[{"taxonomy":"category","embeddable":true,"href":"https:\/\/sisu.ut.ee\/kliimateadlik\/wp-json\/wp\/v2\/categories?post=3"},{"taxonomy":"post_tag","embeddable":true,"href":"https:\/\/sisu.ut.ee\/kliimateadlik\/wp-json\/wp\/v2\/tags?post=3"}],"curies":[{"name":"wp","href":"https:\/\/api.w.org\/{rel}","templated":true}]}}