{"id":16,"date":"2022-09-27T15:05:43","date_gmt":"2024-04-04T05:10:44","guid":{"rendered":"https:\/\/sisu.ut.ee\/kliimateadlik\/eesti-korgkoolid-asuvad-suurendama-kliimateadlikkust\/"},"modified":"2024-04-04T08:14:13","modified_gmt":"2024-04-04T05:14:13","slug":"eesti-korgkoolid-asuvad-suurendama-kliimateadlikkust","status":"publish","type":"post","link":"https:\/\/sisu.ut.ee\/kliimateadlik\/eesti-korgkoolid-asuvad-suurendama-kliimateadlikkust\/","title":{"rendered":"Eesti k\u00f5rgkoolid asuvad suurendama kliimateadlikkust"},"content":{"rendered":"<p>\r\n\tUue \u00f5ppeaastaga sai aval\u00f6\u00f6gi ka Eesti k\u00f5rgkoolide \u00fchisprojekt, mille eesm\u00e4rk on suurendada Eesti \u00fchiskonna kliimateadlikkust s\u00fcsteemse kliimahariduse kaudu k\u00f5igil haridusastmetel. Projektis t\u00f6\u00f6tatakse v\u00e4lja kliimamuutuste m\u00f5ju leevendamise ja kliimamuutustega kohanemise \u00f5petamise strateegiad ja \u00f5ppevahendid ning koolitatakse \u00f5petajaid neid kasutama. Projekti \u201eKliimateadlikkus koolist \u00fchiskonda: laste, noorte ja \u00f5petajate v\u00f5imestamine kliimamuutuste m\u00f5jude v\u00e4hendamiseks\u201c partnerid on Tartu \u00dclikool, Eesti Maa\u00fclikool, Tallinna \u00dclikool ja Bergeni \u00dclikooli Loodusmuuseum\u00a0Norras.\r\n<\/p>\r\n\r\n<blockquote>\r\n\t<p>\r\n\t\t<em>Kliimateadlik muudab \u00fchiskonda, mitte kliimat<\/em>\r\n\t<\/p>\r\n<\/blockquote>\r\n\r\n<p dir=\"ltr\">\r\n\tProjekti juhi, Tartu \u00dclikooli meteoroloogia ja klimatoloogia kaasprofessori Piia Posti s\u00f5nul on kliimateadlikkuse suurendamiseks oluline \u00fchendada kliima- ja haridusteaduse parimad teadmised. \u201eEestis ei tugine teadlikkus kliimamuutuste leevendamisest ja nendega kohanemisest sageli teadusele. Seet\u00f5ttu koostame projekti \u00fche v\u00e4ljundina ka lihtsa \u201eKliimamuutuste ABC\u201c, mille abil v\u00f5iks iga Eesti inimene alustada oma teekonda kliimateadlikkuse poole. Nii on projekti laiem eesm\u00e4rk h\u00f5lmata peale koolide ka kogu \u00fchiskonda,\u201c lisas Post.\r\n<\/p>\r\n\r\n<p dir=\"ltr\">\r\n\tProjekti k\u00e4igus t\u00f6\u00f6tatakse esmalt v\u00e4lja kliimamuutuste m\u00f5ju leevendamise ja kliimamuutustega kohanemise \u00f5petamise strateegiad. T\u00e4psemalt anal\u00fc\u00fcsitakse, milliste \u00f5ppeainete raames kliimamuutuste temaatikat praegu k\u00e4sitletakse ja milliseid haridusstrateegiaid selleks kasutatakse. Samuti kirjeldatakse uusi strateegiaid, mis aitavad anda teadmisi kliimamuutuste, nende leevendamise ja nendega kohanemise kohta, v\u00f5ttes arvesse \u00f5petajate ja vanemate isiklikke arvamusi, kalduvust oma uskumustele kinnitust otsida, kultuurilisi ideoloogiaid ja eetilisi aspekte.\r\n<\/p>\r\n\r\n<p dir=\"ltr\">\r\n\tLisaks t\u00f6\u00f6tatakse v\u00e4lja haridusprogrammid, luuakse \u00f5ppevahendid k\u00f5ikidele sihtr\u00fchmadele ja toetatakse nende kasutuselev\u00f5ttu haridusasutustes ning pakutakse v\u00e4lja soovitused \u00f5ppekavade uuendamiseks. Projekti k\u00e4igus valmivad ka koolitusmaterjalid ja t\u00e4ienduskoolitused ning kliimateadlikkuse hindamise vahendid, mis v\u00f5imaldavad loodud \u00f5ppevahendite kasutamise m\u00f5ju j\u00e4lgida.\r\n<\/p>\r\n\r\n<p dir=\"ltr\">\r\n\tProjekti kogueelarve on 588 000 eurot, millest Keskkonnainvesteeringute Keskuse vahendatav Euroopa Majanduspiirkonna toetus on 499 800 eurot. Projekti l\u00f5ppt\u00e4htaeg on 30. aprill 2024.\r\n<\/p>\r\n\r\n<p dir=\"ltr\">\r\n\tProjekti rahastatakse Euroopa Majanduspiirkonna Finantsmehhanismi kaudu.\r\n<\/p>\r\n<br><figure class=\"wp-block-gallery has-nested-images columns-3 is-cropped wp-block-gallery-1 is-layout-flex wp-block-gallery-is-layout-flex\"><figure class=\"wp-block-image size-large\"><a href=\"https:\/\/sisu.ut.ee\/wp-content\/uploads\/sites\/582\/eea_grants4x.png\"><img decoding=\"async\" data-id=\"46\" src=\"https:\/\/sisu.ut.ee\/wp-content\/uploads\/sites\/582\/eea_grants4x.png\" alt=\"\" class=\"wp-ima&lt;\/figcaption&gt;&lt;\/figure&gt;&lt;\/figure&gt;\"><\/a><\/figure><\/figure>","protected":false},"excerpt":{"rendered":"<p>Uue \u00f5ppeaastaga sai aval\u00f6\u00f6gi ka Eesti k\u00f5rgkoolide \u00fchisprojekt, mille eesm\u00e4rk on suurendada Eesti \u00fchiskonna kliimateadlikkust s\u00fcsteemse kliimahariduse kaudu k\u00f5igil haridusastmetel. Projektis t\u00f6\u00f6tatakse v\u00e4lja kliimamuutuste m\u00f5ju leevendamise ja kliimamuutustega kohanemise \u00f5petamise strateegiad ja \u00f5ppevahendid ning koolitatakse \u00f5petajaid neid kasutama. Projekti \u201eKliimateadlikkus &#8230;<\/p>\n","protected":false},"author":287,"featured_media":0,"comment_status":"closed","ping_status":"closed","sticky":false,"template":"","format":"standard","meta":{"_acf_changed":false,"inline_featured_image":false,"footnotes":""},"categories":[1],"tags":[],"class_list":["post-16","post","type-post","status-publish","format-standard","hentry","category-news"],"acf":[],"_links":{"self":[{"href":"https:\/\/sisu.ut.ee\/kliimateadlik\/wp-json\/wp\/v2\/posts\/16","targetHints":{"allow":["GET"]}}],"collection":[{"href":"https:\/\/sisu.ut.ee\/kliimateadlik\/wp-json\/wp\/v2\/posts"}],"about":[{"href":"https:\/\/sisu.ut.ee\/kliimateadlik\/wp-json\/wp\/v2\/types\/post"}],"author":[{"embeddable":true,"href":"https:\/\/sisu.ut.ee\/kliimateadlik\/wp-json\/wp\/v2\/users\/287"}],"replies":[{"embeddable":true,"href":"https:\/\/sisu.ut.ee\/kliimateadlik\/wp-json\/wp\/v2\/comments?post=16"}],"version-history":[{"count":2,"href":"https:\/\/sisu.ut.ee\/kliimateadlik\/wp-json\/wp\/v2\/posts\/16\/revisions"}],"predecessor-version":[{"id":154,"href":"https:\/\/sisu.ut.ee\/kliimateadlik\/wp-json\/wp\/v2\/posts\/16\/revisions\/154"}],"wp:attachment":[{"href":"https:\/\/sisu.ut.ee\/kliimateadlik\/wp-json\/wp\/v2\/media?parent=16"}],"wp:term":[{"taxonomy":"category","embeddable":true,"href":"https:\/\/sisu.ut.ee\/kliimateadlik\/wp-json\/wp\/v2\/categories?post=16"},{"taxonomy":"post_tag","embeddable":true,"href":"https:\/\/sisu.ut.ee\/kliimateadlik\/wp-json\/wp\/v2\/tags?post=16"}],"curies":[{"name":"wp","href":"https:\/\/api.w.org\/{rel}","templated":true}]}}