{"id":13,"date":"2024-01-10T10:59:00","date_gmt":"2024-04-04T05:10:44","guid":{"rendered":"https:\/\/sisu.ut.ee\/kliimateadlik\/uuest-oppematerjalist-saab-iseseisvalt-ammutada-teaduspohist-infot-kliimamuutuste\/"},"modified":"2024-04-04T08:14:13","modified_gmt":"2024-04-04T05:14:13","slug":"uuest-oppematerjalist-saab-iseseisvalt-ammutada-teaduspohist-infot-kliimamuutuste","status":"publish","type":"post","link":"https:\/\/sisu.ut.ee\/kliimateadlik\/uuest-oppematerjalist-saab-iseseisvalt-ammutada-teaduspohist-infot-kliimamuutuste\/","title":{"rendered":"Uuest \u00f5ppematerjalist saab iseseisvalt ammutada teadusp\u00f5hist infot kliimamuutuste kohta"},"content":{"rendered":"<p>\n\t<strong>Valmis esimene eestikeelne \u00f5ppematerjal\u00a0<a href=\"https:\/\/kliimatarkused.ut.ee\/kliimamuutuste-abc\" rel=\"noopener noreferrer\" target=\"_blank\">\u201eKliimamuutuste ABC\u201c<\/a>, mis sisaldab ta\u0308napa\u0308evast teaduslikku arusaama kliimamuutustest ning nende leevendamisest ja tagaj\u00e4rgedega kohanemisest. Veebimaterjali koostasid Tartu \u00dclikooli, Tallinna \u00dclikooli ja Eesti Maa\u00fclikooli reaal-, sotsiaal- ja humanitaarteadlased ning seda on tutvustatud paarisajale Eesti haridust\u00f6\u00f6tajale. N\u00fc\u00fcd on \u00f5ppevahend k\u00f5igile vabalt k\u00e4ttesaadav.<\/strong>\u00a0\n<\/p>\n<p>\n\t\u201eTeadlased \u00fctlevad selgelt, et \u00f6kos\u00fcsteemidele ja inimestele ohtu valmistavate inimtekkeliste kliimamuutuste v\u00e4hendamiseks tuleb tegutseda kohe. See eeldab aga teadmisi,\u201c \u00fctles \u00f5ppematerjali p\u00f5hiautor, Tartu \u00dclikooli kliimaf\u00fc\u00fcsika kaasprofessor\u00a0<strong>Velle Toll<\/strong>. Tema s\u00f5nul on teadmised kliimamuutuste ja -poliitika kohta vajalikud m\u00f5istmaks, miks tuleb kliimamuutusi leevendada ja nendega kohaneda ning kuidas seda teha. Samas n\u00e4itavad uuringud, et Eesti elanike kliimateadlikkus on v\u00e4ike: puudub laiem m\u00f5istmine sellest, kuidas m\u00f5jutab kliima inimest ja kogu \u00fchiskonda, aga ka seda, kuidas inimene ise kliimat m\u00f5jutab.\u00a0\n<\/p>\n<p>\n\t<strong>Ainulaadne teadusp\u00f5hine \u00f5ppevahend<\/strong>\u00a0\n<\/p>\n<p>\n\tEnne materjali valmimist puudus kliimamuutuste p\u00f5hjuste ja m\u00f5ju, nende muutuste leevendamise ning tagaj\u00e4rgedega kohanemise kohta eestikeelne teadusp\u00f5hine kokkuv\u00f5te. Koostamisel v\u00f5eti eeskujuks v\u00e4lismaised materjalid ning sisus tugineti muu hulgas valitsustevahelise kliimamuutuste paneeli (IPCC) ja \u00dcRO Keskkonnaprogrammi aruannetele.\n<\/p>\n<p>\n\tKomplekti kuuluvad kokkuv\u00f5tlik \u00f5ppetekst rohkete lisaallikatega, m\u00f5tlema \u00e4rgitavad k\u00fcsimused ja \u00fclesanded, joonised ning eesti teadlaste l\u00fchiloengud. \u201eOleme sinna lisanud paark\u00fcmmend loengusalvestist, kus loodus-, sotsiaal- ja humanitaarteadlased\u00a0r\u00e4\u00e4givad kliimast ja kliimamuutustest oma uurimisteema v\u00f5tmes. Need ettekanded k\u00f5lasid \u00f5ppevahendit tutvustavatel koolitustel, millel osalenud haridust\u00f6\u00f6tajad\u00a0pidasid just neid l\u00fchiloenguid kogu komplekti rosinaks,\u201c r\u00e4\u00e4kis Tartu \u00dclikooli kliimateaduste professor\u00a0<strong>Piia Post<\/strong>.\u00a0\n<\/p>\n<p>\n\t<strong>\u00d5ppevahend k\u00f5igile<\/strong>\n<\/p>\n<p>\n\tMaterjali koostamise eel anal\u00fc\u00fcsiti kliimahariduse olukorda Eestis: vaadati l\u00e4bi \u00f5pikud, riiklikud \u00f5ppe- ja ainekavad ning k\u00fcsitleti \u00f5petajaid. Selgus, et ehkki valmisolek tundides kliimamuutuste teemat k\u00e4sitleda on suur, puuduvad sobivad \u00f5ppevahendid. \u201eEesk\u00e4tt nendivad haridust\u00f6\u00f6tajad, kes ei \u00f5peta loodusaineid, et neil napib teadmisi, kuidas kliimaprobleeme \u00f5ppesse l\u00f5imida,\u201c \u00fctles Post.\n<\/p>\n<p>\n\tKliimamuutuste temaatika h\u00f5lmab k\u00f5iki elusf\u00e4\u00e4re, misp\u00e4rast on t\u00e4htis, et k\u00f5ik haridust\u00f6\u00f6tajad saaksid kliimateemadest usaldusv\u00e4\u00e4rse \u00fclevaate.\u00a0Eelk\u00f5ige ongi \u201eKliimamuutuste ABC\u201c m\u00f5eldud haridusasutustes \u2013 nii lasteaedades, koolides kui ka huvihariduskeskustes \u2013 t\u00f6\u00f6tavatele \u00f5petajatele. Samas p\u00e4\u00e4seb \u00f5ppevahendile tasuta ligi iga huviline ning g\u00fcmnasistid, \u00fcli\u00f5pilased ja teised t\u00e4iskasvanud \u00f5ppijad saavad materjali iseseisvalt l\u00e4bi t\u00f6\u00f6tada.\u00a0\n<\/p>\n<p>\n\t\u201eKliimamuutuste ABC\u201c on erialaspetsialistide koost\u00f6\u00f6s projekti \u201eKliimateadlikkus koolist \u00fchiskonda: laste, noorte ja \u00f5petajate v\u00f5imestamine kliimamuutuste m\u00f5jude v\u00e4hendamiseks\u201c raames valminud esimene \u00f5ppevahend. K\u00f5ik projekti k\u00e4igus loodud materjalid leiab veebilehelt\u00a0<u><a href=\"https:\/\/kliimatarkused.ut.ee\/\" rel=\"noopener noreferrer\" target=\"_blank\">kliimatarkused.ut.ee<\/a><\/u>. Nii projekti kui ka \u00f5ppevahendit tutvustatakse 25.\u201326. oktoobril\u00a0<u><a href=\"https:\/\/keskkonnaharidus.ee\/et\/vorgustik\/keskkonnahariduse-konverents-2023\" rel=\"noopener noreferrer\" target=\"_blank\">keskkonnahariduse konverentsil<\/a><\/u>\u00a0Tallinnas.\u00a0\n<\/p>\n<p>\n\t<em>Projekti partnerid on Tartu \u00dclikool, Eesti Maa\u00fclikool, Tallinna \u00dclikool ja Bergeni \u00dclikooli Loodusmuuseum ning seda rahastatakse Euroopa Majanduspiirkonna Finantsmehhanismi kaudu.<\/em>\n<\/p>\n<p>\n\t<img decoding=\"async\" alt=\"EEA grandi logo\" data-author=\"EEA grants\" data-src=\"\/sites\/default\/files\/2023-10\/EEA_grants%404x.png\" data-sub-html=\"EEA grandi logo\" height=\"165\" loading=\"lazy\" src=\"https:\/\/ut.ee\/sites\/default\/files\/styles\/ckeditor_236_x_709\/public\/2023-10\/EEA_grants%404x.png?itok=iOMdzTeS\" width=\"236\">\n<\/p>\n<p>\n\t<strong><em>Kuula \u00f5ppematerjalist ja kliimamuutustest Raadio Kuku saatest\u00a0<a href=\"https:\/\/kuku.pleier.ee\/podcast\/kukkuv-oun\/166428\" rel=\"noopener noreferrer\" target=\"_blank\">\u201eKukkuv \u00f5un: kliimamuutusi v\u00f5ib olla raske tagasi p\u00f6\u00f6rata, aga samal moel j\u00e4tkates ootab meid t\u00e4ielik m\u00e4\u00e4ramatus\u201c<\/a>.<\/em><\/strong><\/p>\n","protected":false},"excerpt":{"rendered":"<p>Valmis esimene eestikeelne \u00f5ppematerjal\u00a0\u201eKliimamuutuste ABC\u201c, mis sisaldab ta\u0308napa\u0308evast teaduslikku arusaama kliimamuutustest ning nende leevendamisest ja tagaj\u00e4rgedega kohanemisest. Veebimaterjali koostasid Tartu \u00dclikooli, Tallinna \u00dclikooli ja Eesti Maa\u00fclikooli reaal-, sotsiaal- ja humanitaarteadlased ning seda on tutvustatud paarisajale Eesti haridust\u00f6\u00f6tajale. N\u00fc\u00fcd on \u00f5ppevahend &#8230;<\/p>\n","protected":false},"author":287,"featured_media":0,"comment_status":"closed","ping_status":"closed","sticky":false,"template":"","format":"standard","meta":{"_acf_changed":false,"inline_featured_image":false,"footnotes":""},"categories":[1],"tags":[],"class_list":["post-13","post","type-post","status-publish","format-standard","hentry","category-news"],"acf":[],"_links":{"self":[{"href":"https:\/\/sisu.ut.ee\/kliimateadlik\/wp-json\/wp\/v2\/posts\/13","targetHints":{"allow":["GET"]}}],"collection":[{"href":"https:\/\/sisu.ut.ee\/kliimateadlik\/wp-json\/wp\/v2\/posts"}],"about":[{"href":"https:\/\/sisu.ut.ee\/kliimateadlik\/wp-json\/wp\/v2\/types\/post"}],"author":[{"embeddable":true,"href":"https:\/\/sisu.ut.ee\/kliimateadlik\/wp-json\/wp\/v2\/users\/287"}],"replies":[{"embeddable":true,"href":"https:\/\/sisu.ut.ee\/kliimateadlik\/wp-json\/wp\/v2\/comments?post=13"}],"version-history":[{"count":1,"href":"https:\/\/sisu.ut.ee\/kliimateadlik\/wp-json\/wp\/v2\/posts\/13\/revisions"}],"predecessor-version":[{"id":14,"href":"https:\/\/sisu.ut.ee\/kliimateadlik\/wp-json\/wp\/v2\/posts\/13\/revisions\/14"}],"wp:attachment":[{"href":"https:\/\/sisu.ut.ee\/kliimateadlik\/wp-json\/wp\/v2\/media?parent=13"}],"wp:term":[{"taxonomy":"category","embeddable":true,"href":"https:\/\/sisu.ut.ee\/kliimateadlik\/wp-json\/wp\/v2\/categories?post=13"},{"taxonomy":"post_tag","embeddable":true,"href":"https:\/\/sisu.ut.ee\/kliimateadlik\/wp-json\/wp\/v2\/tags?post=13"}],"curies":[{"name":"wp","href":"https:\/\/api.w.org\/{rel}","templated":true}]}}