{"id":11,"date":"2023-11-14T14:50:07","date_gmt":"2024-04-04T05:10:44","guid":{"rendered":"https:\/\/sisu.ut.ee\/kliimateadlik\/alushariduse-ja-esimese-kooliastme-tooruhm-oppereisil-maltal\/"},"modified":"2024-04-04T13:30:55","modified_gmt":"2024-04-04T10:30:55","slug":"alushariduse-ja-esimese-kooliastme-tooruhm-oppereisil-maltal","status":"publish","type":"post","link":"https:\/\/sisu.ut.ee\/kliimateadlik\/alushariduse-ja-esimese-kooliastme-tooruhm-oppereisil-maltal\/","title":{"rendered":"Alushariduse ja esimese kooliastme t\u00f6\u00f6r\u00fchma \u00f5ppereis Maltale"},"content":{"rendered":"<p>\n\t<img loading=\"lazy\" decoding=\"async\" width=\"150\" height=\"150\" class=\"alignnone wp-image-43\" style=\"width: 150px;height: 150px;float: left;margin-left: 10px;margin-right: 10px\" src=\"https:\/\/sisu.ut.ee\/wp-content\/uploads\/sites\/582\/uudis.jpg\" title=\"uudis.jpg\" alt=\"Malta\">Alushariduse ja esimese kooliastme t\u00f6\u00f6r\u00fchma liikmed viibivad 23.-25. oktoobrini \u00f5ppereisil Maltal. Kliimamuutuste teema n\u00fc\u00fcdisaegsete k\u00e4sitlemisv\u00f5imaluste leidmiseks osaletakse Malta \u00fclikooli \u00f5petajakoolituse \u00f5ppetegevustes, vahetatakse kogemusi Malta koolidega (St. Michael School, Mater Boni Consilii School) ja tutvutakse erinevate avatud \u00f5pikeskkondadega (Hagar Qim &amp; Mnajdra Archeological Park; Malta National Aquarium).\n<\/p>\n<p>\n\tKliimateadlikkuse kujundamiseks suunavad \u00f5petajad lapsi \u00a0\u00fcmbritsevas (loodus)keskkonnas toimuvat m\u00e4rkama ja julgustavad erinevatele keskkonna- (sh kliimamuutustega seotud) probleemidele lahendusi otsima ning ellu viima.\n<\/p>\n<p>\n\t<a data-url=\"https:\/\/sisu.ut.ee\/kliimateadlik\/galleries\/alushariduse-ja-esimese-kooliastme-t%C3%B6%C3%B6r%C3%BChma-liikmete-%C3%B5ppereis-maltale-23-25\" href=\"https:\/\/sisu.ut.ee\/kliimateadlik\/galleries\/alushariduse-ja-esimese-kooliastme-t%C3%B6%C3%B6r%C3%BChma-liikmete-%C3%B5ppereis-maltale-23-25\" title=\"\">Vaata\u00a0galeriid<\/a><\/p>\n","protected":false},"excerpt":{"rendered":"<p>Alushariduse ja esimese kooliastme t\u00f6\u00f6r\u00fchma liikmed viibivad 23.-25. oktoobrini \u00f5ppereisil Maltal. Kliimamuutuste teema n\u00fc\u00fcdisaegsete k\u00e4sitlemisv\u00f5imaluste leidmiseks osaletakse Malta \u00fclikooli \u00f5petajakoolituse \u00f5ppetegevustes, vahetatakse kogemusi Malta koolidega (St. Michael School, Mater Boni Consilii School) ja tutvutakse erinevate avatud \u00f5pikeskkondadega (Hagar Qim &amp; &#8230;<\/p>\n","protected":false},"author":287,"featured_media":108,"comment_status":"closed","ping_status":"closed","sticky":false,"template":"","format":"standard","meta":{"_acf_changed":false,"inline_featured_image":false,"footnotes":""},"categories":[1],"tags":[],"class_list":["post-11","post","type-post","status-publish","format-standard","has-post-thumbnail","hentry","category-news"],"acf":[],"_links":{"self":[{"href":"https:\/\/sisu.ut.ee\/kliimateadlik\/wp-json\/wp\/v2\/posts\/11","targetHints":{"allow":["GET"]}}],"collection":[{"href":"https:\/\/sisu.ut.ee\/kliimateadlik\/wp-json\/wp\/v2\/posts"}],"about":[{"href":"https:\/\/sisu.ut.ee\/kliimateadlik\/wp-json\/wp\/v2\/types\/post"}],"author":[{"embeddable":true,"href":"https:\/\/sisu.ut.ee\/kliimateadlik\/wp-json\/wp\/v2\/users\/287"}],"replies":[{"embeddable":true,"href":"https:\/\/sisu.ut.ee\/kliimateadlik\/wp-json\/wp\/v2\/comments?post=11"}],"version-history":[{"count":2,"href":"https:\/\/sisu.ut.ee\/kliimateadlik\/wp-json\/wp\/v2\/posts\/11\/revisions"}],"predecessor-version":[{"id":144,"href":"https:\/\/sisu.ut.ee\/kliimateadlik\/wp-json\/wp\/v2\/posts\/11\/revisions\/144"}],"wp:featuredmedia":[{"embeddable":true,"href":"https:\/\/sisu.ut.ee\/kliimateadlik\/wp-json\/wp\/v2\/media\/108"}],"wp:attachment":[{"href":"https:\/\/sisu.ut.ee\/kliimateadlik\/wp-json\/wp\/v2\/media?parent=11"}],"wp:term":[{"taxonomy":"category","embeddable":true,"href":"https:\/\/sisu.ut.ee\/kliimateadlik\/wp-json\/wp\/v2\/categories?post=11"},{"taxonomy":"post_tag","embeddable":true,"href":"https:\/\/sisu.ut.ee\/kliimateadlik\/wp-json\/wp\/v2\/tags?post=11"}],"curies":[{"name":"wp","href":"https:\/\/api.w.org\/{rel}","templated":true}]}}