{"id":445,"date":"2025-08-22T13:37:03","date_gmt":"2025-08-22T10:37:03","guid":{"rendered":"https:\/\/sisu.ut.ee\/hik\/?p=445"},"modified":"2026-04-21T18:26:23","modified_gmt":"2026-04-21T15:26:23","slug":"emotsiaalse-enesetunde-kusimustik-eek-2","status":"publish","type":"post","link":"https:\/\/sisu.ut.ee\/hik\/emotsiaalse-enesetunde-kusimustik-eek-2\/","title":{"rendered":"Emotsiaalse enesetunde k\u00fcsimustik (EEK-2)"},"content":{"rendered":"<p><\/p>\n\n\n\n<table class=\"table table-hover\" style=\"height: 302px; width: 100%; border-collapse: collapse;\">\n<tbody>\n<tr style=\"height: 24px;\">\n<td style=\"width: 18.4517%; height: 24px;\"><strong>Nimi<\/strong><\/td>\n<td style=\"width: 81.5483%; height: 24px;\"><strong>Emotsiaalse enesetunde k\u00fcsimustik (EEK-2)<\/strong><\/td>\n<\/tr>\n<tr style=\"height: 48px;\">\n<td style=\"width: 18.4517%; height: 48px;\"><strong>Originaali nimi<\/strong><\/td>\n<td style=\"width: 81.5483%; height: 48px;\">Emotsiaalse enesetunde k\u00fcsimustik (EEK-2)<\/td>\n<\/tr>\n<tr style=\"height: 24px;\">\n<td style=\"width: 18.4517%; height: 24px;\"><strong>Autor(id), loomise aasta<\/strong><\/td>\n<td style=\"width: 81.5483%; height: 24px;\">Aluoja, A., Shlik, J., Vasar, V., Luuk, K. and Leinsalu, M., 1999<\/td>\n<\/tr>\n<tr style=\"height: 24px;\">\n<td style=\"width: 18.4517%; height: 10px;\"><strong>Kohandamise info<\/strong><\/td>\n<td style=\"width: 81.5483%; height: 10px;\">\u00a0<\/td>\n<\/tr>\n<tr style=\"height: 23px;\">\n<td style=\"width: 18.4517%; height: 23px;\"><strong>Hinnatav valdkond<\/strong><\/td>\n<td style=\"width: 81.5483%; height: 23px;\">vaimne tervis<\/td>\n<\/tr>\n<tr style=\"height: 23px;\">\n<td style=\"width: 18.4517%; height: 23px;\"><strong>Vanusr\u00fchm(ad)<\/strong><\/td>\n<td style=\"width: 81.5483%; height: 23px;\">noorukid alates 15 eluaastast, t\u00e4iskasvanud<\/td>\n<\/tr>\n<tr style=\"height: 23px;\">\n<td style=\"width: 18.4517%; height: 23px;\"><strong>Hindamise viis<\/strong><\/td>\n<td style=\"width: 81.5483%; height: 23px;\">inimene ise (PRO)<\/td>\n<\/tr>\n<tr style=\"height: 23px;\">\n<td style=\"width: 18.4517%; height: 23px;\"><strong>Keel(ed)<\/strong><\/td>\n<td style=\"width: 81.5483%; height: 23px;\">eesti, vene<\/td>\n<\/tr>\n<tr style=\"height: 80px;\">\n<td style=\"width: 18.4517%; height: 80px;\"><strong>Kirjeldus<\/strong><\/td>\n<td style=\"width: 81.5483%; height: 80px;\">Kasutatav depressiooni ja\/v\u00f5i \u00e4revush\u00e4ire s\u00fcmptomitega inimeste leidmiseks esmasel hindamisel.<\/td>\n<\/tr>\n<tr>\n<td style=\"width: 18.4517%;\"><strong>Kasutamise tingimused<\/strong><\/td>\n<td style=\"width: 81.5483%;\">\u00a0<\/td>\n<\/tr>\n<tr>\n<td style=\"width: 18.4517%;\"><strong>Originaali DOI<\/strong><\/td>\n<td style=\"width: 81.5483%;\">\u00a0<\/td>\n<\/tr>\n<tr style=\"height: 24px;\">\n<td style=\"width: 18.4517%; height: 24px;\"><strong>Andmekaart<\/strong><\/td>\n<td style=\"width: 81.5483%; height: 24px;\">tekitamisel<\/td>\n<\/tr>\n<tr>\n<td style=\"width: 18.4517%;\"><strong>Kaardistamise kuup\u00e4ev<\/strong><\/td>\n<td style=\"width: 81.5483%;\">testkaardistus<\/td>\n<\/tr>\n<\/tbody>\n<\/table>\n\n\n\n<p><\/p>\n","protected":false},"excerpt":{"rendered":"<p>Nimi Emotsiaalse enesetunde k\u00fcsimustik (EEK-2) Originaali nimi Emotsiaalse enesetunde k\u00fcsimustik (EEK-2) Autor(id), loomise aasta Aluoja, A., Shlik, J., Vasar, V., Luuk, K. and Leinsalu, M., 1999 Kohandamise info \u00a0 Hinnatav valdkond vaimne tervis Vanusr\u00fchm(ad) noorukid alates 15 eluaastast, t\u00e4iskasvanud Hindamise &#8230;<\/p>\n","protected":false},"author":830,"featured_media":0,"comment_status":"open","ping_status":"open","sticky":false,"template":"","format":"standard","meta":{"_acf_changed":false,"inline_featured_image":false,"footnotes":""},"categories":[46,33,1,29,24,25,30,26],"tags":[],"class_list":["post-445","post","type-post","status-publish","format-standard","hentry","category-emotsionaalne-heaolu","category-enesehindamine","category-hindamisinstrumendid","category-kliiniline-praktika","category-noorukid","category-taiskasvanud","category-teadusuuringud","category-vaimne-tervis"],"acf":[],"_links":{"self":[{"href":"https:\/\/sisu.ut.ee\/hik\/wp-json\/wp\/v2\/posts\/445","targetHints":{"allow":["GET"]}}],"collection":[{"href":"https:\/\/sisu.ut.ee\/hik\/wp-json\/wp\/v2\/posts"}],"about":[{"href":"https:\/\/sisu.ut.ee\/hik\/wp-json\/wp\/v2\/types\/post"}],"author":[{"embeddable":true,"href":"https:\/\/sisu.ut.ee\/hik\/wp-json\/wp\/v2\/users\/830"}],"replies":[{"embeddable":true,"href":"https:\/\/sisu.ut.ee\/hik\/wp-json\/wp\/v2\/comments?post=445"}],"version-history":[{"count":15,"href":"https:\/\/sisu.ut.ee\/hik\/wp-json\/wp\/v2\/posts\/445\/revisions"}],"predecessor-version":[{"id":775,"href":"https:\/\/sisu.ut.ee\/hik\/wp-json\/wp\/v2\/posts\/445\/revisions\/775"}],"wp:attachment":[{"href":"https:\/\/sisu.ut.ee\/hik\/wp-json\/wp\/v2\/media?parent=445"}],"wp:term":[{"taxonomy":"category","embeddable":true,"href":"https:\/\/sisu.ut.ee\/hik\/wp-json\/wp\/v2\/categories?post=445"},{"taxonomy":"post_tag","embeddable":true,"href":"https:\/\/sisu.ut.ee\/hik\/wp-json\/wp\/v2\/tags?post=445"}],"curies":[{"name":"wp","href":"https:\/\/api.w.org\/{rel}","templated":true}]}}