{"id":83,"date":"2020-02-17T06:37:33","date_gmt":"2024-04-04T01:56:31","guid":{"rendered":"https:\/\/sisu.ut.ee\/estshg\/professor-ana-rebane-palvis-ev-2020-aasta-teaduspreemia\/"},"modified":"2024-04-04T04:57:15","modified_gmt":"2024-04-04T01:57:15","slug":"professor-ana-rebane-palvis-ev-2020-aasta-teaduspreemia","status":"publish","type":"post","link":"https:\/\/sisu.ut.ee\/estshg\/professor-ana-rebane-palvis-ev-2020-aasta-teaduspreemia\/","title":{"rendered":"Professor Ana Rebane p\u00e4lvis EV  2020. aasta teaduspreemia"},"content":{"rendered":"<p>\n\tNeljap\u00e4evasel, 06.veebruari Vabariigi Valitsuse istungil m\u00e4\u00e4rati 2020. aasta teaduspreemiad.\n<\/p>\n<p>\n\tAastapreemia arstiteaduse alal teadus-arendust\u00f6\u00f6 \u201eMikroRNA-d kroonilistes immuuns\u00fcsteemi haigustes\u201c eest p\u00e4lvis Kliiniliste uuringute keskuse koordinaator ja Tartu \u00fclikooli\u00a0molekulaarmeditsiini professor Ana Rebane.\n<\/p>\n<p>\n\tPalju \u00f5nne!\n<\/p>\n<p>\n\tKultuurilehes Sirp saate lugeda teistest teadust\u00f6\u00f6preemia laureaatidest:\n<\/p>\n<p>\n\t<a href=\"https:\/\/www.sirp.ee\/online-uudised\/riigi-teaduspreemiad-2020\/\">https:\/\/www.sirp.ee\/online-uudised\/riigi-teaduspreemiad-2020\/<\/a><\/p>\n","protected":false},"excerpt":{"rendered":"<p>Neljap\u00e4evasel, 06.veebruari Vabariigi Valitsuse istungil m\u00e4\u00e4rati 2020. aasta teaduspreemiad. Aastapreemia arstiteaduse alal teadus-arendust\u00f6\u00f6 \u201eMikroRNA-d kroonilistes immuuns\u00fcsteemi haigustes\u201c eest p\u00e4lvis Kliiniliste uuringute keskuse koordinaator ja Tartu \u00fclikooli\u00a0molekulaarmeditsiini professor Ana Rebane. Palju \u00f5nne! Kultuurilehes Sirp saate lugeda teistest teadust\u00f6\u00f6preemia laureaatidest: https:\/\/www.sirp.ee\/online-uudised\/riigi-teaduspreemiad-2020\/<\/p>\n","protected":false},"author":182,"featured_media":0,"comment_status":"closed","ping_status":"closed","sticky":false,"template":"","format":"standard","meta":{"_acf_changed":false,"inline_featured_image":false,"footnotes":""},"categories":[1],"tags":[],"class_list":["post-83","post","type-post","status-publish","format-standard","hentry","category-uudised"],"acf":[],"_links":{"self":[{"href":"https:\/\/sisu.ut.ee\/estshg\/wp-json\/wp\/v2\/posts\/83","targetHints":{"allow":["GET"]}}],"collection":[{"href":"https:\/\/sisu.ut.ee\/estshg\/wp-json\/wp\/v2\/posts"}],"about":[{"href":"https:\/\/sisu.ut.ee\/estshg\/wp-json\/wp\/v2\/types\/post"}],"author":[{"embeddable":true,"href":"https:\/\/sisu.ut.ee\/estshg\/wp-json\/wp\/v2\/users\/182"}],"replies":[{"embeddable":true,"href":"https:\/\/sisu.ut.ee\/estshg\/wp-json\/wp\/v2\/comments?post=83"}],"version-history":[{"count":1,"href":"https:\/\/sisu.ut.ee\/estshg\/wp-json\/wp\/v2\/posts\/83\/revisions"}],"predecessor-version":[{"id":84,"href":"https:\/\/sisu.ut.ee\/estshg\/wp-json\/wp\/v2\/posts\/83\/revisions\/84"}],"wp:attachment":[{"href":"https:\/\/sisu.ut.ee\/estshg\/wp-json\/wp\/v2\/media?parent=83"}],"wp:term":[{"taxonomy":"category","embeddable":true,"href":"https:\/\/sisu.ut.ee\/estshg\/wp-json\/wp\/v2\/categories?post=83"},{"taxonomy":"post_tag","embeddable":true,"href":"https:\/\/sisu.ut.ee\/estshg\/wp-json\/wp\/v2\/tags?post=83"}],"curies":[{"name":"wp","href":"https:\/\/api.w.org\/{rel}","templated":true}]}}