{"id":7,"date":"2022-05-06T08:54:49","date_gmt":"2024-04-04T01:56:25","guid":{"rendered":"https:\/\/sisu.ut.ee\/estshg\/lahkunud-emeriitprofessor-ain-heinaru-estshg-elutoopreemia-laureaat-2012-aastal\/"},"modified":"2024-04-04T04:57:14","modified_gmt":"2024-04-04T01:57:14","slug":"lahkunud-emeriitprofessor-ain-heinaru-estshg-elutoopreemia-laureaat-2012-aastal","status":"publish","type":"post","link":"https:\/\/sisu.ut.ee\/estshg\/lahkunud-emeriitprofessor-ain-heinaru-estshg-elutoopreemia-laureaat-2012-aastal\/","title":{"rendered":"Lahkunud on emeriitprofessor Ain Heinaru, EstSHG elut\u00f6\u00f6preemia laureaat 2012. aastal"},"content":{"rendered":"<p>\n\t\u00a0 \u00a0<br>Eesti Inimesegeneetika \u00dching m\u00e4lestab koos k\u00f5igi kolleegidega lahkunud professor Ain Heinarut ja avaldab kaastunnet l\u00e4hedastele. Professor Ain Heinaru oli meie \u00fchingu elut\u00f6\u00f6preemia laureaat 2012. aastal.\n<\/p>\n<p>\n\t<a data-url=\"https:\/\/tymri.ut.ee\/et\/sisu\/in-memoriam-emeriitprofessor-ain-heinaru\" href=\"https:\/\/tymri.ut.ee\/et\/sisu\/in-memoriam-emeriitprofessor-ain-heinaru\" target=\"_blank\" title=\"\" rel=\"noopener\">T\u00dcMRI kodulehel\u00a0<\/a>on avaldatud j\u00e4releh\u00fc\u00fce professor Heinarule.\n<\/p>\n<p>\n\t\u00a0\n<\/p>\n<p class=\"xx\" style=\"margin:0cm0cm0.0001pt;text-align:start\">\n\t<span><span style=\"sans-serif\"><span><span style=\"color:#000000\"><span style=\"font-style:normal\"><span><span style=\"font-weight:400\"><span style=\"letter-spacing:normal\"><span><span style=\"text-transform:none\"><span><span><span><span><span style=\"text-decoration:none\"><span><span style=\"color:black\">Ain Heinaru \u00e4rasaatmine toimub T\u00dc aulast reedel, 6.05.2022 algusega kell 12.00. Muldas\u00e4ngitamine Raadi kalmistul. Raadile s\u00f5iduks ja sealt tagasi tulekuks on tellitud kaks suurt bussi.\u00a0\u00a0<\/span><\/span><\/span><\/span><\/span><\/span><\/span><\/span><\/span><\/span><\/span><\/span><\/span><\/span><\/span><\/span><\/span>\n<\/p>\n<p>\n\t\u00a0<\/p>\n","protected":false},"excerpt":{"rendered":"<p>\u00a0 \u00a0Eesti Inimesegeneetika \u00dching m\u00e4lestab koos k\u00f5igi kolleegidega lahkunud professor Ain Heinarut ja avaldab kaastunnet l\u00e4hedastele. Professor Ain Heinaru oli meie \u00fchingu elut\u00f6\u00f6preemia laureaat 2012. aastal. T\u00dcMRI kodulehel\u00a0on avaldatud j\u00e4releh\u00fc\u00fce professor Heinarule. \u00a0 Ain Heinaru \u00e4rasaatmine toimub T\u00dc aulast reedel, &#8230;<\/p>\n","protected":false},"author":182,"featured_media":0,"comment_status":"closed","ping_status":"closed","sticky":false,"template":"","format":"standard","meta":{"_acf_changed":false,"inline_featured_image":false,"footnotes":""},"categories":[1],"tags":[],"class_list":["post-7","post","type-post","status-publish","format-standard","hentry","category-uudised"],"acf":[],"_links":{"self":[{"href":"https:\/\/sisu.ut.ee\/estshg\/wp-json\/wp\/v2\/posts\/7","targetHints":{"allow":["GET"]}}],"collection":[{"href":"https:\/\/sisu.ut.ee\/estshg\/wp-json\/wp\/v2\/posts"}],"about":[{"href":"https:\/\/sisu.ut.ee\/estshg\/wp-json\/wp\/v2\/types\/post"}],"author":[{"embeddable":true,"href":"https:\/\/sisu.ut.ee\/estshg\/wp-json\/wp\/v2\/users\/182"}],"replies":[{"embeddable":true,"href":"https:\/\/sisu.ut.ee\/estshg\/wp-json\/wp\/v2\/comments?post=7"}],"version-history":[{"count":1,"href":"https:\/\/sisu.ut.ee\/estshg\/wp-json\/wp\/v2\/posts\/7\/revisions"}],"predecessor-version":[{"id":8,"href":"https:\/\/sisu.ut.ee\/estshg\/wp-json\/wp\/v2\/posts\/7\/revisions\/8"}],"wp:attachment":[{"href":"https:\/\/sisu.ut.ee\/estshg\/wp-json\/wp\/v2\/media?parent=7"}],"wp:term":[{"taxonomy":"category","embeddable":true,"href":"https:\/\/sisu.ut.ee\/estshg\/wp-json\/wp\/v2\/categories?post=7"},{"taxonomy":"post_tag","embeddable":true,"href":"https:\/\/sisu.ut.ee\/estshg\/wp-json\/wp\/v2\/tags?post=7"}],"curies":[{"name":"wp","href":"https:\/\/api.w.org\/{rel}","templated":true}]}}