{"id":64,"date":"2023-12-06T08:12:39","date_gmt":"2024-04-04T01:56:29","guid":{"rendered":"https:\/\/sisu.ut.ee\/estshg\/eesti-inimesegeneetika-uhingu-2023-aasta-konverents-oli-juubelikonverents\/"},"modified":"2024-04-04T04:57:14","modified_gmt":"2024-04-04T01:57:14","slug":"eesti-inimesegeneetika-uhingu-2023-aasta-konverents-oli-juubelikonverents","status":"publish","type":"post","link":"https:\/\/sisu.ut.ee\/estshg\/eesti-inimesegeneetika-uhingu-2023-aasta-konverents-oli-juubelikonverents\/","title":{"rendered":"Eesti Inimesegeneetika \u00dchingu 2023. aasta konverents oli juubelikonverents"},"content":{"rendered":"<p>\n\tEesti Inimese Geneetika \u00dchingu XXV aastakonverents toimus 19.\u221220. oktoobril 2023 Rakvere teatris. Konverentsil oli 233 registreerunud osalejat.\n<\/p>\n<p>\n\t\u00dchingu elut\u00f6\u00f6preemia sai Mart Ustav, kes pidas kaasahaarava loengu oma senistest tegemistest ja tulevikuplaanidest ning loobus oma rahalisest preemiast \u00dchingu kasuks.\n<\/p>\n<p>\n\tT\u00e4name k\u00f5iki toetajaid, esinejaid ja osalejaid!<br>Kohtume \u00dchingu XXVI teaduskonverentsil 17.-18. oktoobril 2024 Viljandis.<\/p>\n","protected":false},"excerpt":{"rendered":"<p>Eesti Inimese Geneetika \u00dchingu XXV aastakonverents toimus 19.\u221220. oktoobril 2023 Rakvere teatris. Konverentsil oli 233 registreerunud osalejat. \u00dchingu elut\u00f6\u00f6preemia sai Mart Ustav, kes pidas kaasahaarava loengu oma senistest tegemistest ja tulevikuplaanidest ning loobus oma rahalisest preemiast \u00dchingu kasuks. T\u00e4name k\u00f5iki &#8230;<\/p>\n","protected":false},"author":182,"featured_media":0,"comment_status":"closed","ping_status":"closed","sticky":false,"template":"","format":"standard","meta":{"_acf_changed":false,"inline_featured_image":false,"footnotes":""},"categories":[1],"tags":[],"class_list":["post-64","post","type-post","status-publish","format-standard","hentry","category-uudised"],"acf":[],"_links":{"self":[{"href":"https:\/\/sisu.ut.ee\/estshg\/wp-json\/wp\/v2\/posts\/64","targetHints":{"allow":["GET"]}}],"collection":[{"href":"https:\/\/sisu.ut.ee\/estshg\/wp-json\/wp\/v2\/posts"}],"about":[{"href":"https:\/\/sisu.ut.ee\/estshg\/wp-json\/wp\/v2\/types\/post"}],"author":[{"embeddable":true,"href":"https:\/\/sisu.ut.ee\/estshg\/wp-json\/wp\/v2\/users\/182"}],"replies":[{"embeddable":true,"href":"https:\/\/sisu.ut.ee\/estshg\/wp-json\/wp\/v2\/comments?post=64"}],"version-history":[{"count":1,"href":"https:\/\/sisu.ut.ee\/estshg\/wp-json\/wp\/v2\/posts\/64\/revisions"}],"predecessor-version":[{"id":65,"href":"https:\/\/sisu.ut.ee\/estshg\/wp-json\/wp\/v2\/posts\/64\/revisions\/65"}],"wp:attachment":[{"href":"https:\/\/sisu.ut.ee\/estshg\/wp-json\/wp\/v2\/media?parent=64"}],"wp:term":[{"taxonomy":"category","embeddable":true,"href":"https:\/\/sisu.ut.ee\/estshg\/wp-json\/wp\/v2\/categories?post=64"},{"taxonomy":"post_tag","embeddable":true,"href":"https:\/\/sisu.ut.ee\/estshg\/wp-json\/wp\/v2\/tags?post=64"}],"curies":[{"name":"wp","href":"https:\/\/api.w.org\/{rel}","templated":true}]}}