{"id":532,"date":"2025-04-04T12:56:04","date_gmt":"2025-04-04T09:56:04","guid":{"rendered":"https:\/\/sisu.ut.ee\/estshg\/?p=532"},"modified":"2025-11-08T10:02:42","modified_gmt":"2025-11-08T08:02:42","slug":"eesti-inimese-geneetika-uhingu-xxvii-aastakonverents-toimub-30-31-oktoobril-2025-haapsalu-kultuurikeskuses","status":"publish","type":"post","link":"https:\/\/sisu.ut.ee\/estshg\/eesti-inimese-geneetika-uhingu-xxvii-aastakonverents-toimub-30-31-oktoobril-2025-haapsalu-kultuurikeskuses\/","title":{"rendered":"Eesti Inimese Geneetika \u00dchingu XXVII aastakonverents toimub 30.\u201331. oktoobril 2025 Haapsalu kultuurikeskuses."},"content":{"rendered":"<p><\/p>\n\n\n\n<p><strong>Konverentsi salvestust saab vaadata <a href=\"https:\/\/teadus.postimees.ee\/8346694\/vaata-otse-haapsalu-randa-jouab-nobelistide-voimas-jarellainetus-geenikonverents-2025\" data-type=\"link\" data-id=\"https:\/\/teadus.postimees.ee\/8346694\/vaata-otse-haapsalu-randa-jouab-nobelistide-voimas-jarellainetus-geenikonverents-2025\">Postimehe kodulehel<\/a><\/strong><a href=\"https:\/\/sisu.ut.ee\/estshg\/wp-admin\/post.php?post=27&amp;action=edit\" data-type=\"link\" data-id=\"https:\/\/sisu.ut.ee\/estshg\/wp-admin\/post.php?post=27&amp;action=edit\">.<\/a><\/p>\n\n\n\n<p>Oma n\u00f5usoleku konverentsil esineda on andnud Allen Kaasik, K\u00e4rt M\u00e4tlik, Lehti Saag, Kaarel Krjut\u0161kov, Mari Sepp, Hanna Vihma, Elin Org, Sirli Rosenvald, Tanel Laisaar, Kadi-Liis Veiman, Urmo V\u00f5sa, Este Leidmaa, Triin Laisk, Olga T\u0161uiko ja Radko Avi<\/p>\n\n\n\n<p>Konverentsi kavas on plaanis noorteadlaste sessioon ja anname v\u00e4lja elut\u00f6\u00f6preemia.<\/p>\n\n\n\n<p><\/p>\n\n\n\n<p>Bussid Haapsalusse v\u00e4ljuvad:<br><strong>TARTU:<\/strong>\u00a030. oktoobril hommikul kell 07.00 Vanemuise 46 \u00f5ppehoone eest. V\u00e4ljas\u00f5it Haapsalust tagasi Tartusse 31. oktobril kell 15.30<br><strong>TALLINN:<\/strong>\u00a030. oktoobri hommikul kell 08.45 Tallinna Tehnika\u00fclikooli loodusteaduste maja esisest parklast Akadeemia tee 15. V\u00e4ljas\u00f5it Haapsalust tagasi Tallinnasse 31. okt.oobril kell 15.30. <\/p>\n\n\n\n<p>Bussid l\u00e4hevad kohe kultuurimajja ja pagasi\u00a0saab panna garderoobi.<\/p>\n\n\n\n<p><\/p>\n\n\n\n<p><strong>Konverentsile registreerumine ja noorteadlaste teeside esitamine on n\u00fc\u00fcd avatud!<\/strong><\/p>\n\n\n\n<p>Konverentsile saab registreerida<strong>\u00a0<a href=\"https:\/\/www.eformular.com\/estshg\/estshgreg.html\">siin<\/a>.<\/strong><br>Konverentsi programmi leiate<strong>\u00a0<a href=\"https:\/\/sisu.ut.ee\/wp-content\/uploads\/sites\/345\/Programm-20.10.2025.pdf\" data-type=\"attachment\" data-id=\"582\" target=\"_blank\" rel=\"noreferrer noopener\">siit<\/a>.<\/strong><\/p>\n\n\n\n<p>Noorteadlastele suunatud teeside konkursile saab esitada teese kuni 10. oktoobrini \u00fchingu e-mailile estshg@ebc.ee. Esitatud teesidest valib \u00fchingu juhatus v\u00e4lja neli suulist ettekannet, \u00fclej\u00e4\u00e4nutel on v\u00f5imalik esineda posteriga. Parimat ettekandjat toetatakse ESHG aastakonverentsi stipendiumiga.<\/p>\n\n\n\n<p>NB: Konverentsil kuulutataks v\u00e4lja ka uus terminikonkursi v\u00f5itja. Rohkem infot terminikonkursi kohta leiab\u00a0<strong><a href=\"https:\/\/estshg.ut.ee\/eesti-inimesegeneetika-uhing-kuulutab-valja-terminikonkursi\/\">siit<\/a><\/strong>.<\/p>\n\n\n\n<p>Konverentsi osav\u00f5tutasud 2025. aastal:<br>01.08.2025\u201314.09.2025 liikmele 100 eurot, mitteliikmele 175 eurot<br>15.09. 2025\u201330.09.2025 liikmele 125 eurot, mitteliikmele 200 eurot<br>01.10. 2025\u201320.10.2025 liikmele 160 eurot, mitteliikmele 280 eurot<\/p>\n\n\n\n<p>Osav\u00f5tutasu sisaldab p\u00e4evast toitlustamist, konverentsi infomaterjale, \u00f5htus\u00f6\u00f6ki, ansamblit tantsuks ning transporti Tartust ja Tallinnast Haapsallu ning tagasi.<\/p>\n\n\n\n<p>K\u00f5igil \u00dchingu liikmetel palume tasuda enne registreerumist 2025. aasta liikmemaks.<\/p>\n","protected":false},"excerpt":{"rendered":"<p>Konverentsi salvestust saab vaadata Postimehe kodulehel. Oma n\u00f5usoleku konverentsil esineda on andnud Allen Kaasik, K\u00e4rt M\u00e4tlik, Lehti Saag, Kaarel Krjut\u0161kov, Mari Sepp, Hanna Vihma, Elin Org, Sirli Rosenvald, Tanel Laisaar, Kadi-Liis Veiman, Urmo V\u00f5sa, Este Leidmaa, Triin Laisk, Olga T\u0161uiko &#8230;<\/p>\n","protected":false},"author":503,"featured_media":0,"comment_status":"open","ping_status":"open","sticky":false,"template":"","format":"standard","meta":{"_acf_changed":false,"inline_featured_image":false,"footnotes":""},"categories":[1],"tags":[],"class_list":["post-532","post","type-post","status-publish","format-standard","hentry","category-uudised"],"acf":[],"_links":{"self":[{"href":"https:\/\/sisu.ut.ee\/estshg\/wp-json\/wp\/v2\/posts\/532","targetHints":{"allow":["GET"]}}],"collection":[{"href":"https:\/\/sisu.ut.ee\/estshg\/wp-json\/wp\/v2\/posts"}],"about":[{"href":"https:\/\/sisu.ut.ee\/estshg\/wp-json\/wp\/v2\/types\/post"}],"author":[{"embeddable":true,"href":"https:\/\/sisu.ut.ee\/estshg\/wp-json\/wp\/v2\/users\/503"}],"replies":[{"embeddable":true,"href":"https:\/\/sisu.ut.ee\/estshg\/wp-json\/wp\/v2\/comments?post=532"}],"version-history":[{"count":11,"href":"https:\/\/sisu.ut.ee\/estshg\/wp-json\/wp\/v2\/posts\/532\/revisions"}],"predecessor-version":[{"id":613,"href":"https:\/\/sisu.ut.ee\/estshg\/wp-json\/wp\/v2\/posts\/532\/revisions\/613"}],"wp:attachment":[{"href":"https:\/\/sisu.ut.ee\/estshg\/wp-json\/wp\/v2\/media?parent=532"}],"wp:term":[{"taxonomy":"category","embeddable":true,"href":"https:\/\/sisu.ut.ee\/estshg\/wp-json\/wp\/v2\/categories?post=532"},{"taxonomy":"post_tag","embeddable":true,"href":"https:\/\/sisu.ut.ee\/estshg\/wp-json\/wp\/v2\/tags?post=532"}],"curies":[{"name":"wp","href":"https:\/\/api.w.org\/{rel}","templated":true}]}}