{"id":52,"date":"2021-02-10T08:05:17","date_gmt":"2024-04-04T01:56:28","guid":{"rendered":"https:\/\/sisu.ut.ee\/estshg\/memoriam-prof-emer-tiina-talvik\/"},"modified":"2024-04-04T04:57:15","modified_gmt":"2024-04-04T01:57:15","slug":"memoriam-prof-emer-tiina-talvik","status":"publish","type":"post","link":"https:\/\/sisu.ut.ee\/estshg\/memoriam-prof-emer-tiina-talvik\/","title":{"rendered":"In memoriam prof emer Tiina Talvik"},"content":{"rendered":"<p>\n\tHead Eesti Inimesegeneetika \u00dchingu liikmed,\n<\/p>\n<p>\n\tEesti meditsiini- ja geneetikateadust on tabanud suur kaotus. 9. veebruaril lahkus Eesti kliinlise geneetika valdkonna \u00fcks alusepanijatest, meie \u00fchingu elut\u00f6\u00f6preemia laureaat, Tartu Suurt\u00e4he kavaler, Tartu linna aukodanik emeriitprofessor Tiina Talvik.\n<\/p>\n<p>\n\tTiina Talvikust persoonilugusid otsides j\u00e4i silma 2018. a harvikhaiguste p\u00e4evale p\u00fchendatud artikkel. Usun, et see kajastab \u00fcsna h\u00e4sti Tiina Talviku s\u00f5bralikku, patsiendi muredele avatud meelt ja sihikindlat uurijavaimu.\n<\/p>\n<p>\n\tTiina Talviku elut\u00f6\u00f6 on v\u00e4\u00e4rikas ja mahukas \u2013 2008. aastal p\u00e4lvis ta Eesti Vabariigi teaduspreemia pikaajalise tulemusliku teadus- ja arendust\u00f6\u00f6 eest.\n<\/p>\n<p>\n\tTiina Talviku s\u00f5nul on \u00fcks tema peamisi \u00f5ppetunde olnud, et elu on ilus, aga habras.\n<\/p>\n<p>\n\t\u00a0\n<\/p>\n<p>\n\tS\u00fcgav kaastunne k\u00f5igile Tiina Talviku l\u00e4hedastele ja kolleegidele!\n<\/p>\n<p>\n\tEesti Inimesegeneetika \u00dchingu nimel<br>Neeme T\u00f5nisson\u00a0<br>\u00a0<\/p>\n","protected":false},"excerpt":{"rendered":"<p>Head Eesti Inimesegeneetika \u00dchingu liikmed, Eesti meditsiini- ja geneetikateadust on tabanud suur kaotus. 9. veebruaril lahkus Eesti kliinlise geneetika valdkonna \u00fcks alusepanijatest, meie \u00fchingu elut\u00f6\u00f6preemia laureaat, Tartu Suurt\u00e4he kavaler, Tartu linna aukodanik emeriitprofessor Tiina Talvik. Tiina Talvikust persoonilugusid otsides j\u00e4i &#8230;<\/p>\n","protected":false},"author":182,"featured_media":0,"comment_status":"closed","ping_status":"closed","sticky":false,"template":"","format":"standard","meta":{"_acf_changed":false,"inline_featured_image":false,"footnotes":""},"categories":[1],"tags":[],"class_list":["post-52","post","type-post","status-publish","format-standard","hentry","category-uudised"],"acf":[],"_links":{"self":[{"href":"https:\/\/sisu.ut.ee\/estshg\/wp-json\/wp\/v2\/posts\/52","targetHints":{"allow":["GET"]}}],"collection":[{"href":"https:\/\/sisu.ut.ee\/estshg\/wp-json\/wp\/v2\/posts"}],"about":[{"href":"https:\/\/sisu.ut.ee\/estshg\/wp-json\/wp\/v2\/types\/post"}],"author":[{"embeddable":true,"href":"https:\/\/sisu.ut.ee\/estshg\/wp-json\/wp\/v2\/users\/182"}],"replies":[{"embeddable":true,"href":"https:\/\/sisu.ut.ee\/estshg\/wp-json\/wp\/v2\/comments?post=52"}],"version-history":[{"count":1,"href":"https:\/\/sisu.ut.ee\/estshg\/wp-json\/wp\/v2\/posts\/52\/revisions"}],"predecessor-version":[{"id":53,"href":"https:\/\/sisu.ut.ee\/estshg\/wp-json\/wp\/v2\/posts\/52\/revisions\/53"}],"wp:attachment":[{"href":"https:\/\/sisu.ut.ee\/estshg\/wp-json\/wp\/v2\/media?parent=52"}],"wp:term":[{"taxonomy":"category","embeddable":true,"href":"https:\/\/sisu.ut.ee\/estshg\/wp-json\/wp\/v2\/categories?post=52"},{"taxonomy":"post_tag","embeddable":true,"href":"https:\/\/sisu.ut.ee\/estshg\/wp-json\/wp\/v2\/tags?post=52"}],"curies":[{"name":"wp","href":"https:\/\/api.w.org\/{rel}","templated":true}]}}