{"id":50,"date":"2020-01-15T06:32:40","date_gmt":"2024-04-04T01:56:28","guid":{"rendered":"https:\/\/sisu.ut.ee\/estshg\/meenutusi-2019-aasta-inimesegeneetika-uhingu-konverentsilt-parnus\/"},"modified":"2024-04-04T04:57:15","modified_gmt":"2024-04-04T01:57:15","slug":"meenutusi-2019-aasta-inimesegeneetika-uhingu-konverentsilt-parnus","status":"publish","type":"post","link":"https:\/\/sisu.ut.ee\/estshg\/meenutusi-2019-aasta-inimesegeneetika-uhingu-konverentsilt-parnus\/","title":{"rendered":"Meenutusi 2019. aasta Inimesegeneetika \u00dchingu konverentsilt P\u00e4rnus"},"content":{"rendered":"<p>\n\tHead s\u00f5brad!\n<\/p>\n<p>\n\tSiin on meenutuseks fotod Eesti Inimesegeneetika \u00dchingu 2019. aasta konverentsist, mis toimus P\u00e4rnus.\n<\/p>\n<p>\n\tMeie \u00fchingu\u00a02020.a aastakonverents toimub 19. ja 20. novembril Haapsalus!\n<\/p>\n<p>\n\t\u00a0\n<\/p>\n<p>\n\t<img loading=\"lazy\" decoding=\"async\" width=\"1034\" height=\"688\" class=\"alignnone wp-image-159\" style=\"margin:10px\" src=\"https:\/\/sisu.ut.ee\/wp-content\/uploads\/sites\/345\/foto4.jpg\" title=\"foto4.jpg\" alt=\"foto 4\" srcset=\"https:\/\/sisu.ut.ee\/wp-content\/uploads\/sites\/345\/foto4.jpg 1034w, https:\/\/sisu.ut.ee\/wp-content\/uploads\/sites\/345\/foto4-300x200.jpg 300w, https:\/\/sisu.ut.ee\/wp-content\/uploads\/sites\/345\/foto4-1024x681.jpg 1024w, https:\/\/sisu.ut.ee\/wp-content\/uploads\/sites\/345\/foto4-768x511.jpg 768w\" sizes=\"auto, (max-width: 1034px) 100vw, 1034px\"><img loading=\"lazy\" decoding=\"async\" width=\"583\" height=\"876\" class=\"alignnone wp-image-155\" style=\"margin: 10px;width: 230px;height: 360px\" src=\"https:\/\/sisu.ut.ee\/wp-content\/uploads\/sites\/345\/foto1.jpg\" title=\"foto1.jpg\" alt=\"1\" srcset=\"https:\/\/sisu.ut.ee\/wp-content\/uploads\/sites\/345\/foto1.jpg 583w, https:\/\/sisu.ut.ee\/wp-content\/uploads\/sites\/345\/foto1-200x300.jpg 200w\" sizes=\"auto, (max-width: 583px) 100vw, 583px\"><img loading=\"lazy\" decoding=\"async\" width=\"568\" height=\"827\" class=\"alignnone wp-image-154\" style=\"width: 260px;height: 380px\" src=\"https:\/\/sisu.ut.ee\/wp-content\/uploads\/sites\/345\/foto3.jpg\" title=\"foto3.jpg\" alt=\"foto3.jpg\" srcset=\"https:\/\/sisu.ut.ee\/wp-content\/uploads\/sites\/345\/foto3.jpg 568w, https:\/\/sisu.ut.ee\/wp-content\/uploads\/sites\/345\/foto3-206x300.jpg 206w\" sizes=\"auto, (max-width: 568px) 100vw, 568px\">\u00a0<img loading=\"lazy\" decoding=\"async\" width=\"550\" height=\"827\" class=\"alignnone wp-image-156\" style=\"width: 253px;height: 380px;margin: 10px\" src=\"https:\/\/sisu.ut.ee\/wp-content\/uploads\/sites\/345\/foto6.jpg\" title=\"foto6.jpg\" alt=\"foto6.jpg\" srcset=\"https:\/\/sisu.ut.ee\/wp-content\/uploads\/sites\/345\/foto6.jpg 550w, https:\/\/sisu.ut.ee\/wp-content\/uploads\/sites\/345\/foto6-200x300.jpg 200w\" sizes=\"auto, (max-width: 550px) 100vw, 550px\"><img loading=\"lazy\" decoding=\"async\" width=\"550\" height=\"827\" class=\"alignnone wp-image-158\" style=\"width: 253px;height: 380px;margin: 10px\" src=\"https:\/\/sisu.ut.ee\/wp-content\/uploads\/sites\/345\/foto5.jpg\" title=\"foto5.jpg\" alt=\"5\" srcset=\"https:\/\/sisu.ut.ee\/wp-content\/uploads\/sites\/345\/foto5.jpg 550w, https:\/\/sisu.ut.ee\/wp-content\/uploads\/sites\/345\/foto5-200x300.jpg 200w\" sizes=\"auto, (max-width: 550px) 100vw, 550px\">\n<\/p>\n<p>\n\t<img loading=\"lazy\" decoding=\"async\" width=\"550\" height=\"827\" class=\"alignnone wp-image-157\" style=\"margin: 15px;width: 203px;height: 315px\" src=\"https:\/\/sisu.ut.ee\/wp-content\/uploads\/sites\/345\/foto7.jpg\" title=\"foto7.jpg\" alt=\"foto7.jpg\" srcset=\"https:\/\/sisu.ut.ee\/wp-content\/uploads\/sites\/345\/foto7.jpg 550w, https:\/\/sisu.ut.ee\/wp-content\/uploads\/sites\/345\/foto7-200x300.jpg 200w\" sizes=\"auto, (max-width: 550px) 100vw, 550px\"><img loading=\"lazy\" decoding=\"async\" width=\"1034\" height=\"616\" class=\"alignnone wp-image-162\" style=\"width: 250px;height: 149px;margin: 10px\" src=\"https:\/\/sisu.ut.ee\/wp-content\/uploads\/sites\/345\/foto10.jpg\" title=\"foto10.jpg\" alt=\"10\" srcset=\"https:\/\/sisu.ut.ee\/wp-content\/uploads\/sites\/345\/foto10.jpg 1034w, https:\/\/sisu.ut.ee\/wp-content\/uploads\/sites\/345\/foto10-300x179.jpg 300w, https:\/\/sisu.ut.ee\/wp-content\/uploads\/sites\/345\/foto10-1024x610.jpg 1024w, https:\/\/sisu.ut.ee\/wp-content\/uploads\/sites\/345\/foto10-768x458.jpg 768w\" sizes=\"auto, (max-width: 1034px) 100vw, 1034px\"><img loading=\"lazy\" decoding=\"async\" width=\"1034\" height=\"688\" class=\"alignnone wp-image-161\" style=\"margin: 10px\" src=\"https:\/\/sisu.ut.ee\/wp-content\/uploads\/sites\/345\/foto9.jpg\" title=\"foto9.jpg\" alt=\"9\" srcset=\"https:\/\/sisu.ut.ee\/wp-content\/uploads\/sites\/345\/foto9.jpg 1034w, https:\/\/sisu.ut.ee\/wp-content\/uploads\/sites\/345\/foto9-300x200.jpg 300w, https:\/\/sisu.ut.ee\/wp-content\/uploads\/sites\/345\/foto9-1024x681.jpg 1024w, https:\/\/sisu.ut.ee\/wp-content\/uploads\/sites\/345\/foto9-768x511.jpg 768w\" sizes=\"auto, (max-width: 1034px) 100vw, 1034px\"><img loading=\"lazy\" decoding=\"async\" width=\"590\" height=\"827\" class=\"alignnone wp-image-160\" style=\"margin:10px;width:160px;height:230px\" src=\"https:\/\/sisu.ut.ee\/wp-content\/uploads\/sites\/345\/foto8.jpg\" title=\"foto8.jpg\" alt=\"Fotod\" srcset=\"https:\/\/sisu.ut.ee\/wp-content\/uploads\/sites\/345\/foto8.jpg 590w, https:\/\/sisu.ut.ee\/wp-content\/uploads\/sites\/345\/foto8-214x300.jpg 214w\" sizes=\"auto, (max-width: 590px) 100vw, 590px\"><img loading=\"lazy\" decoding=\"async\" width=\"550\" height=\"827\" class=\"alignnone wp-image-163\" style=\"margin: 10px\" src=\"https:\/\/sisu.ut.ee\/wp-content\/uploads\/sites\/345\/foto12_01.jpg\" title=\"foto12_01.jpg\" alt=\"12\" srcset=\"https:\/\/sisu.ut.ee\/wp-content\/uploads\/sites\/345\/foto12_01.jpg 550w, https:\/\/sisu.ut.ee\/wp-content\/uploads\/sites\/345\/foto12_01-200x300.jpg 200w\" sizes=\"auto, (max-width: 550px) 100vw, 550px\">\n<\/p>\n<p>\n\t\u00a0\n<\/p>\n<p>\n\tKohtumiseni Haapsalus!\n<\/p>\n<p>\n\tEesti Inimesegeneetika \u00dching<\/p>\n","protected":false},"excerpt":{"rendered":"<p>Head s\u00f5brad! Siin on meenutuseks fotod Eesti Inimesegeneetika \u00dchingu 2019. aasta konverentsist, mis toimus P\u00e4rnus. Meie \u00fchingu\u00a02020.a aastakonverents toimub 19. ja 20. novembril Haapsalus! \u00a0 \u00a0 \u00a0 Kohtumiseni Haapsalus! Eesti Inimesegeneetika \u00dching<\/p>\n","protected":false},"author":182,"featured_media":0,"comment_status":"closed","ping_status":"closed","sticky":false,"template":"","format":"standard","meta":{"_acf_changed":false,"inline_featured_image":false,"footnotes":""},"categories":[1],"tags":[],"class_list":["post-50","post","type-post","status-publish","format-standard","hentry","category-uudised"],"acf":[],"_links":{"self":[{"href":"https:\/\/sisu.ut.ee\/estshg\/wp-json\/wp\/v2\/posts\/50","targetHints":{"allow":["GET"]}}],"collection":[{"href":"https:\/\/sisu.ut.ee\/estshg\/wp-json\/wp\/v2\/posts"}],"about":[{"href":"https:\/\/sisu.ut.ee\/estshg\/wp-json\/wp\/v2\/types\/post"}],"author":[{"embeddable":true,"href":"https:\/\/sisu.ut.ee\/estshg\/wp-json\/wp\/v2\/users\/182"}],"replies":[{"embeddable":true,"href":"https:\/\/sisu.ut.ee\/estshg\/wp-json\/wp\/v2\/comments?post=50"}],"version-history":[{"count":2,"href":"https:\/\/sisu.ut.ee\/estshg\/wp-json\/wp\/v2\/posts\/50\/revisions"}],"predecessor-version":[{"id":307,"href":"https:\/\/sisu.ut.ee\/estshg\/wp-json\/wp\/v2\/posts\/50\/revisions\/307"}],"wp:attachment":[{"href":"https:\/\/sisu.ut.ee\/estshg\/wp-json\/wp\/v2\/media?parent=50"}],"wp:term":[{"taxonomy":"category","embeddable":true,"href":"https:\/\/sisu.ut.ee\/estshg\/wp-json\/wp\/v2\/categories?post=50"},{"taxonomy":"post_tag","embeddable":true,"href":"https:\/\/sisu.ut.ee\/estshg\/wp-json\/wp\/v2\/tags?post=50"}],"curies":[{"name":"wp","href":"https:\/\/api.w.org\/{rel}","templated":true}]}}