{"id":5,"date":"2022-10-03T06:07:27","date_gmt":"2024-04-04T01:56:24","guid":{"rendered":"https:\/\/sisu.ut.ee\/estshg\/uhingu-konverentsil-anti-taas-valja-elutoopreemia-ja-tunnustati-noorteadlasi-ning-valiti\/"},"modified":"2024-04-04T04:57:14","modified_gmt":"2024-04-04T01:57:14","slug":"uhingu-konverentsil-anti-taas-valja-elutoopreemia-ja-tunnustati-noorteadlasi-ning-valiti","status":"publish","type":"post","link":"https:\/\/sisu.ut.ee\/estshg\/uhingu-konverentsil-anti-taas-valja-elutoopreemia-ja-tunnustati-noorteadlasi-ning-valiti\/","title":{"rendered":"\u00dchingu konverentsil anti taas v\u00e4lja elut\u00f6\u00f6preemia ja tunnustati noorteadlasi ning valiti uus \u00fchingu president"},"content":{"rendered":"<p>\n\t\u00a0\u00a0<br>29.-30.09.22 P\u00e4rnus toimunud 24. \u00fchingu konverents on l\u00f5ppenud, korraldajad t\u00e4navad osalejaid. Sel aastal oli registreerunuid 215.\u00a0<br>Palju \u00f5nne professor <a data-url=\"https:\/\/estshg.ut.ee\/2022-elut%C3%B6%C3%B6-preemia-laureaat-raivo-uibo\" href=\"https:\/\/estshg.ut.ee\/2022-elut%C3%B6%C3%B6-preemia-laureaat-raivo-uibo\" target=\"_blank\" title=\"\" rel=\"noopener\">Raivo Uibole<\/a>, \u00fchingu elut\u00f6\u00f6preemia selleaastasele laureaadile!\n<\/p>\n<p>\n\t\u00dching tunnustas noorteadlasi Karoliina Anjat, Kadri Irdti, Laura Luharit ja Kristine Roosi. Parimaks noorteadlaseks valiti sel korral Kristine Roos. <span class=\"file media-element file-os-files-link\" data-file_info=\"%7B%22fid%22:%2273007%22,%22view_mode%22:%22os_files_link%22,%22type%22:%22media%22%7D\"><img decoding=\"async\" alt=\"\" class=\"file-icon\" src=\"\/profiles\/openscholar\/modules\/os\/modules\/os_files\/icons\/application-pdf.svg\"> <a href=\"https:\/\/sisu.ut.ee\/wp-content\/uploads\/sites\/345\/kristineroos_estshg_konverentsi_abstrakt.pdf\">kristineroos_estshg_konverentsi_abstrakt.pdf<\/a><\/span><br>Palju \u00f5nne!\u00a0Meenetega toetas Solis Biodyne.\n<\/p>\n<p>\n\tMuutus ka <a data-url=\"https:\/\/estshg.ut.ee\/juhatus\" href=\"https:\/\/estshg.ut.ee\/juhatus\" target=\"_blank\" title=\"\" rel=\"noopener\">juhatuse koosseis<\/a>, \u00fchingu uueks presidendiks valiti Tartu \u00dclikooli molekulaarmeditsiini professor Ana Rebane.\n<\/p>\n<p>\n\t\u00a0<\/p>\n","protected":false},"excerpt":{"rendered":"<p>\u00a0\u00a029.-30.09.22 P\u00e4rnus toimunud 24. \u00fchingu konverents on l\u00f5ppenud, korraldajad t\u00e4navad osalejaid. Sel aastal oli registreerunuid 215.\u00a0Palju \u00f5nne professor Raivo Uibole, \u00fchingu elut\u00f6\u00f6preemia selleaastasele laureaadile! \u00dching tunnustas noorteadlasi Karoliina Anjat, Kadri Irdti, Laura Luharit ja Kristine Roosi. Parimaks noorteadlaseks valiti sel &#8230;<\/p>\n","protected":false},"author":182,"featured_media":0,"comment_status":"closed","ping_status":"closed","sticky":false,"template":"","format":"standard","meta":{"_acf_changed":false,"inline_featured_image":false,"footnotes":""},"categories":[1],"tags":[],"class_list":["post-5","post","type-post","status-publish","format-standard","hentry","category-uudised"],"acf":[],"_links":{"self":[{"href":"https:\/\/sisu.ut.ee\/estshg\/wp-json\/wp\/v2\/posts\/5","targetHints":{"allow":["GET"]}}],"collection":[{"href":"https:\/\/sisu.ut.ee\/estshg\/wp-json\/wp\/v2\/posts"}],"about":[{"href":"https:\/\/sisu.ut.ee\/estshg\/wp-json\/wp\/v2\/types\/post"}],"author":[{"embeddable":true,"href":"https:\/\/sisu.ut.ee\/estshg\/wp-json\/wp\/v2\/users\/182"}],"replies":[{"embeddable":true,"href":"https:\/\/sisu.ut.ee\/estshg\/wp-json\/wp\/v2\/comments?post=5"}],"version-history":[{"count":1,"href":"https:\/\/sisu.ut.ee\/estshg\/wp-json\/wp\/v2\/posts\/5\/revisions"}],"predecessor-version":[{"id":6,"href":"https:\/\/sisu.ut.ee\/estshg\/wp-json\/wp\/v2\/posts\/5\/revisions\/6"}],"wp:attachment":[{"href":"https:\/\/sisu.ut.ee\/estshg\/wp-json\/wp\/v2\/media?parent=5"}],"wp:term":[{"taxonomy":"category","embeddable":true,"href":"https:\/\/sisu.ut.ee\/estshg\/wp-json\/wp\/v2\/categories?post=5"},{"taxonomy":"post_tag","embeddable":true,"href":"https:\/\/sisu.ut.ee\/estshg\/wp-json\/wp\/v2\/tags?post=5"}],"curies":[{"name":"wp","href":"https:\/\/api.w.org\/{rel}","templated":true}]}}