{"id":384,"date":"2024-05-20T15:46:35","date_gmt":"2024-05-20T12:46:35","guid":{"rendered":"https:\/\/sisu.ut.ee\/estshg\/?p=384"},"modified":"2024-10-16T14:31:24","modified_gmt":"2024-10-16T11:31:24","slug":"eesti-inimese-geneetika-uhingu-xxvi-aastakonverents-toimub-17-%e2%88%9218-oktoobril-2024-viljandis","status":"publish","type":"post","link":"https:\/\/sisu.ut.ee\/estshg\/eesti-inimese-geneetika-uhingu-xxvi-aastakonverents-toimub-17-%e2%88%9218-oktoobril-2024-viljandis\/","title":{"rendered":"Eesti Inimese Geneetika \u00dchingu XXVI aastakonverents toimub 17.\u221218. oktoobril 2024 Ugala teatris, Viljandis."},"content":{"rendered":"<p><\/p>\n\n\n\n<p>Oma n\u00f5usoleku konverentsil esineda on andnud Signe Altm\u00e4e, Tanel Mahlak\u00f5iv, Siim Pauklin, Uku Vainik, Kristiina Rull, Riina Raudne, Mart Loog, Meelis Kull, Priit Eek, Maie Bachmann, Peeter H\u00f5rak, Taavi Lehto, Maire Peters, Liina Jakobson, Viljar Jaks, Peep Palumaa ja Peeter Padrik.<\/p>\n\n\n\n<p>Konverentsi kavas on plaanis noorteadlaste sessioon ja anname v\u00e4lja elut\u00f6\u00f6preemia.<\/p>\n\n\n\n<p><\/p>\n\n\n\n<p>Konverentsi programmi leiate\u00a0<a href=\"https:\/\/sisu.ut.ee\/wp-content\/uploads\/sites\/345\/EstSHG-Viljandi-programm-16.10.2024.pdf\"><strong>siit<\/strong>.<\/a><\/p>\n\n\n\n<p>Konverentsi otse\u00fclekannet saab vaadata <strong><a href=\"https:\/\/teadus.postimees.ee\/8115879\/vaata-otse-kaks-paeva-eestikeelset-geneetilist-tulevarki-viljandis\">Postimehe kodulehel.<\/a><\/strong><\/p>\n\n\n\n<p><\/p>\n\n\n\n<p>Noorteadlastele suunatud teeside konkursile saab esitada teese 14. augustist kuni 30. septembrini \u00fchingu e-mailile estshg@ebc.ee. Esitatud teesidest valib \u00fchingu juhatus v\u00e4lja neli suulist ettekannet, \u00fclej\u00e4\u00e4nutel on v\u00f5imalik esineda posteriga. Parimat ettekandjat toetatakse ESHG aastakonverentsi stipendiumiga.<\/p>\n\n\n\n<p>NB! Konverentsil kuulutatakse v\u00e4lja ka terminikonkursi v\u00f5itja! Rohkem teavet terminikonkursi kohta leiate \u00dchingu <a href=\"https:\/\/estshg.ut.ee\/eesti-inimesegeneetika-uhing-kuulutab-valja-terminikonkursi\/\" data-type=\"link\" data-id=\"https:\/\/estshg.ut.ee\/eesti-inimesegeneetika-uhing-kuulutab-valja-terminikonkursi\/\"><strong>kodulehelt<\/strong><\/a>.<\/p>\n\n\n\n<p>Bussid v\u00e4ljuvad:<br>TARTU: 17. oktoobri hommikul kell 08.45 Vanemuise 46 \u00f5ppehoone eest. V\u00e4ljas\u00f5it Viljandist tagasi Tartusse 18. oktoobril kell 15.45<br>TALLINN: 17. oktoobri hommikul kell 07.45 Tallinna Tehnika\u00fclikooli loodusteaduste maja esisest parklast Akadeemia tee 15. V\u00e4ljas\u00f5it Viljandist tagasi Tallinnasse 18. oktoobril kell 15.45<\/p>\n\n\n\n<p>Konverentsi osav\u00f5tutasud 2024. aastal:<br>14.08.2024\u201314.09.2024 liikmele 100 eurot, mitteliikmele 175 eurot<br>15.09.2024\u201330.09.2024 liikmele 125 eurot, mitteliikmele 200 eurot<br>01.10.2024\u201312.10.2024 liikmele 160 eurot, mitteliikmele 280 eurot<\/p>\n\n\n\n<p>Osav\u00f5tutasu sisaldab p\u00e4evast toitlustamist, konverentsi infomaterjale, \u00f5htus\u00f6\u00f6ki, ansamblit tantsuks ning transporti Tartust ja Tallinnast Viljandisse ning tagasi.<\/p>\n\n\n\n<p>K\u00f5igil \u00fchingu liikmetel palume tasuda enne registreerumist \u00fchingu liikmemaks.\u00a0<\/p>\n\n\n\n<p><\/p>\n","protected":false},"excerpt":{"rendered":"<p>Oma n\u00f5usoleku konverentsil esineda on andnud Signe Altm\u00e4e, Tanel Mahlak\u00f5iv, Siim Pauklin, Uku Vainik, Kristiina Rull, Riina Raudne, Mart Loog, Meelis Kull, Priit Eek, Maie Bachmann, Peeter H\u00f5rak, Taavi Lehto, Maire Peters, Liina Jakobson, Viljar Jaks, Peep Palumaa ja Peeter &#8230;<\/p>\n","protected":false},"author":503,"featured_media":0,"comment_status":"open","ping_status":"open","sticky":false,"template":"","format":"standard","meta":{"_acf_changed":false,"inline_featured_image":false,"footnotes":""},"categories":[1],"tags":[],"class_list":["post-384","post","type-post","status-publish","format-standard","hentry","category-uudised"],"acf":[],"_links":{"self":[{"href":"https:\/\/sisu.ut.ee\/estshg\/wp-json\/wp\/v2\/posts\/384","targetHints":{"allow":["GET"]}}],"collection":[{"href":"https:\/\/sisu.ut.ee\/estshg\/wp-json\/wp\/v2\/posts"}],"about":[{"href":"https:\/\/sisu.ut.ee\/estshg\/wp-json\/wp\/v2\/types\/post"}],"author":[{"embeddable":true,"href":"https:\/\/sisu.ut.ee\/estshg\/wp-json\/wp\/v2\/users\/503"}],"replies":[{"embeddable":true,"href":"https:\/\/sisu.ut.ee\/estshg\/wp-json\/wp\/v2\/comments?post=384"}],"version-history":[{"count":14,"href":"https:\/\/sisu.ut.ee\/estshg\/wp-json\/wp\/v2\/posts\/384\/revisions"}],"predecessor-version":[{"id":465,"href":"https:\/\/sisu.ut.ee\/estshg\/wp-json\/wp\/v2\/posts\/384\/revisions\/465"}],"wp:attachment":[{"href":"https:\/\/sisu.ut.ee\/estshg\/wp-json\/wp\/v2\/media?parent=384"}],"wp:term":[{"taxonomy":"category","embeddable":true,"href":"https:\/\/sisu.ut.ee\/estshg\/wp-json\/wp\/v2\/categories?post=384"},{"taxonomy":"post_tag","embeddable":true,"href":"https:\/\/sisu.ut.ee\/estshg\/wp-json\/wp\/v2\/tags?post=384"}],"curies":[{"name":"wp","href":"https:\/\/api.w.org\/{rel}","templated":true}]}}