{"id":370,"date":"2024-05-16T08:30:12","date_gmt":"2024-05-16T05:30:12","guid":{"rendered":"https:\/\/sisu.ut.ee\/estshg\/?p=370"},"modified":"2025-04-03T15:44:13","modified_gmt":"2025-04-03T12:44:13","slug":"konverents","status":"publish","type":"post","link":"https:\/\/sisu.ut.ee\/estshg\/konverents\/","title":{"rendered":"XXV teaduskonverents Rakveres 19.\u221220.10.2023"},"content":{"rendered":"<p><\/p>\n\n\n\n<p><\/p>\n\n\n\n<p>Eesti Inimese Geneetika \u00dchingu XXV aastakonverents toimus 19.\u221220. oktoobril 2023 Rakvere teatris.<\/p>\n\n\n\n<p>Konverentsil oli mitmekesine\u00a0<a href=\"https:\/\/sisu.ut.ee\/wp-content\/uploads\/sites\/345\/estshg_rakvere_programm_2023_viimane.pdf\">programm<\/a>.<\/p>\n\n\n\n<p>Konverentsist \u00fclekannete salvestust saab j\u00e4relvaadata\u00a0<a href=\"https:\/\/teadus.postimees.ee\/7878906\/jarelvaadatav-kaks-paeva-oivalist-eesti-geeniteadust-tuleb-koju-katte\" target=\"_blank\" rel=\"noreferrer noopener\">Postimehe kodulehel.<\/a><\/p>\n\n\n\n<p>Konverentsil esinesid Hedvig Tamman, Hedi Peterson, Maris Alver, Sanna Puusepp, Kristiina Tambets, Liisa Arike, Sander Pajusalu, Oliver Aasmets, Anneli Uusk\u00fcla, Agne Velthut-Meikas, Margus Punab, Kristel Vene, Indrek Koppel ja Jaan Aru.<\/p>\n\n\n\n<p>\u00dchingu elut\u00f6\u00f6preemia sai Mart Ustav, kes pidas kaasahaarava loengu oma senistest tegemistest ja tulevikuplaanidest ning loobus oma preemia rahalisest osast \u00dchingu kasuks.<\/p>\n\n\n\n<p>Noorteadlaste sessioonis esinesid Annela Avarlaid, Annabel Klemets ja Rain Inno.<\/p>\n\n\n\n<p>Alustavate ettev\u00f5tete sessioonis esinesid Liina Joller Vaher, Annika R\u00e4hni ja Priit J\u00f5ers.<\/p>\n\n\n\n<p>Konverentsi n\u00e4itusel osalesid ja toetasid 10xGenomics ja LanLab (peasponsorid), Lanmer, Quantum Eesti, Biotecha Eesti, NOVA Natura, Diamedica, Icosagen, AstraZeneca Eesti. Lisaks toetas konverentsi HNK Anal\u00fc\u00fcsitehnika rahaliselt ja Solis Biodyne noorteadlaste auhindadega.<\/p>\n","protected":false},"excerpt":{"rendered":"<p>Eesti Inimese Geneetika \u00dchingu XXV aastakonverents toimus 19.\u221220. oktoobril 2023 Rakvere teatris. Konverentsil oli mitmekesine\u00a0programm. Konverentsist \u00fclekannete salvestust saab j\u00e4relvaadata\u00a0Postimehe kodulehel. Konverentsil esinesid Hedvig Tamman, Hedi Peterson, Maris Alver, Sanna Puusepp, Kristiina Tambets, Liisa Arike, Sander Pajusalu, Oliver Aasmets, Anneli &#8230;<\/p>\n","protected":false},"author":503,"featured_media":0,"comment_status":"open","ping_status":"open","sticky":false,"template":"","format":"standard","meta":{"_acf_changed":false,"inline_featured_image":false,"footnotes":""},"categories":[1],"tags":[],"class_list":["post-370","post","type-post","status-publish","format-standard","hentry","category-uudised"],"acf":[],"_links":{"self":[{"href":"https:\/\/sisu.ut.ee\/estshg\/wp-json\/wp\/v2\/posts\/370","targetHints":{"allow":["GET"]}}],"collection":[{"href":"https:\/\/sisu.ut.ee\/estshg\/wp-json\/wp\/v2\/posts"}],"about":[{"href":"https:\/\/sisu.ut.ee\/estshg\/wp-json\/wp\/v2\/types\/post"}],"author":[{"embeddable":true,"href":"https:\/\/sisu.ut.ee\/estshg\/wp-json\/wp\/v2\/users\/503"}],"replies":[{"embeddable":true,"href":"https:\/\/sisu.ut.ee\/estshg\/wp-json\/wp\/v2\/comments?post=370"}],"version-history":[{"count":4,"href":"https:\/\/sisu.ut.ee\/estshg\/wp-json\/wp\/v2\/posts\/370\/revisions"}],"predecessor-version":[{"id":509,"href":"https:\/\/sisu.ut.ee\/estshg\/wp-json\/wp\/v2\/posts\/370\/revisions\/509"}],"wp:attachment":[{"href":"https:\/\/sisu.ut.ee\/estshg\/wp-json\/wp\/v2\/media?parent=370"}],"wp:term":[{"taxonomy":"category","embeddable":true,"href":"https:\/\/sisu.ut.ee\/estshg\/wp-json\/wp\/v2\/categories?post=370"},{"taxonomy":"post_tag","embeddable":true,"href":"https:\/\/sisu.ut.ee\/estshg\/wp-json\/wp\/v2\/tags?post=370"}],"curies":[{"name":"wp","href":"https:\/\/api.w.org\/{rel}","templated":true}]}}