{"id":3,"date":"2020-07-03T11:39:52","date_gmt":"2024-04-04T01:56:24","guid":{"rendered":"https:\/\/sisu.ut.ee\/estshg\/eesti-inimesegeneetika-uhingu-aastakonverents-toimub-19-20-novembril-haapsalus\/"},"modified":"2024-04-04T04:57:15","modified_gmt":"2024-04-04T01:57:15","slug":"eesti-inimesegeneetika-uhingu-aastakonverents-toimub-19-20-novembril-haapsalus","status":"publish","type":"post","link":"https:\/\/sisu.ut.ee\/estshg\/eesti-inimesegeneetika-uhingu-aastakonverents-toimub-19-20-novembril-haapsalus\/","title":{"rendered":"Eesti Inimesegeneetika \u00dchingu aastakonverents toimub 19.-20. novembril Haapsalus"},"content":{"rendered":"<p>\n\tHead \u00fchingu liikmed, kolleegid ja s\u00f5brad!\n<\/p>\n<p>\n\tMeil on suur r\u00f5\u00f5m teatada, et Eesti Inimesegeneetika \u00dchingu aastakonverents toimub 19.-20. novembril Haapsalus.<br>\u00a0<br>Sel aastal osalevad lektoritena Sander Pajusalu, Mario Plaas, Jana Jaal, Kristina Rull, Astrid Murum\u00e4gi, Hannes Kollist, Rainis Venta, J\u00fcri Allik, Jaan Aru, Jaan Olle Andressoo, Kai Kisand, Krista Fischer, Maido Remm ja Elin Org. Esinejate nimekiri on veelgi t\u00e4ienemas!<br>\u00a0<br>Traditsiooniliselt annab \u00fching aastakonverentsil \u00fcle ka elut\u00f6\u00f6preemia \u201cElut\u00f6\u00f6 Geneetikuna\u201d. Kes sel aastal tunnustuse osaliseks saab, selgub kohapeal.<br>EstSHG aastakonverentsi\u00a0raames toimub noorteadlastele ja kraadi\u00f5ppuritele suunatud\u00a0teeside konkurss. K\u00f5ik teesid pannakse konverentsi eel \u00fchingu liikmetele k\u00e4ttesaadavana veebikeskkonda. Konkursile esitatud t\u00f6\u00f6dest valib \u00fchingu juhatus v\u00e4lja kuus t\u00f6\u00f6d suulisteks ettekanneteks. Posterikonkursi kolme parima t\u00f6\u00f6 esimesed autorid saavad \u00fchingu j\u00e4rgmisel aastakonverentsil osaleda \u00a0osav\u00f5tutasuta.\u00a0<br>Nii Tartust kui Tallinnast on osalejaile bussitransport Haapsallu ja tagasi. Haapsalus on eelbroneeritud hotellid Baltic Hotel Promenaadi, Spa hotell Laine, Kongo Hotell ja P\u00e4eva Villa.\n<\/p>\n<p>\n\tT\u00e4psem info registreerimisest l\u00e4hiajal!\n<\/p>\n<p>\n\tEesti Inimesegeneetika \u00dching koondab geneetika, genoomika, geenitehnoloogia ja nende siduserialade teadlasi, eksperte, ettev\u00f5tjaid, meedikuid, tudengeid jne. Iga-aastane \u00fchingu konverents on selle kogukonna k\u00f5ige olulisem teadusfoorum Eestis. Konverentsi aastatepikkune edu on tinginud selle laiap\u00f5hjaline kaasav programm ja eestikeelne formaat. Teretulnud on k\u00f5ik, kel on geneetika valdkonnaga ametialane kokkupuude v\u00f5i lihtsalt huvi geneetika vastu.\n<\/p>\n<p>\n\t\u00a0<br>Hakkame s\u00e4ttima!\n<\/p>\n<p>\n\tEesti InimeseGeneetika \u00dching\n<\/p>\n<p>\n\t\u00a0<\/p>\n","protected":false},"excerpt":{"rendered":"<p>Head \u00fchingu liikmed, kolleegid ja s\u00f5brad! Meil on suur r\u00f5\u00f5m teatada, et Eesti Inimesegeneetika \u00dchingu aastakonverents toimub 19.-20. novembril Haapsalus.\u00a0Sel aastal osalevad lektoritena Sander Pajusalu, Mario Plaas, Jana Jaal, Kristina Rull, Astrid Murum\u00e4gi, Hannes Kollist, Rainis Venta, J\u00fcri Allik, Jaan &#8230;<\/p>\n","protected":false},"author":182,"featured_media":0,"comment_status":"closed","ping_status":"closed","sticky":false,"template":"","format":"standard","meta":{"_acf_changed":false,"inline_featured_image":false,"footnotes":""},"categories":[1],"tags":[],"class_list":["post-3","post","type-post","status-publish","format-standard","hentry","category-uudised"],"acf":[],"_links":{"self":[{"href":"https:\/\/sisu.ut.ee\/estshg\/wp-json\/wp\/v2\/posts\/3","targetHints":{"allow":["GET"]}}],"collection":[{"href":"https:\/\/sisu.ut.ee\/estshg\/wp-json\/wp\/v2\/posts"}],"about":[{"href":"https:\/\/sisu.ut.ee\/estshg\/wp-json\/wp\/v2\/types\/post"}],"author":[{"embeddable":true,"href":"https:\/\/sisu.ut.ee\/estshg\/wp-json\/wp\/v2\/users\/182"}],"replies":[{"embeddable":true,"href":"https:\/\/sisu.ut.ee\/estshg\/wp-json\/wp\/v2\/comments?post=3"}],"version-history":[{"count":1,"href":"https:\/\/sisu.ut.ee\/estshg\/wp-json\/wp\/v2\/posts\/3\/revisions"}],"predecessor-version":[{"id":4,"href":"https:\/\/sisu.ut.ee\/estshg\/wp-json\/wp\/v2\/posts\/3\/revisions\/4"}],"wp:attachment":[{"href":"https:\/\/sisu.ut.ee\/estshg\/wp-json\/wp\/v2\/media?parent=3"}],"wp:term":[{"taxonomy":"category","embeddable":true,"href":"https:\/\/sisu.ut.ee\/estshg\/wp-json\/wp\/v2\/categories?post=3"},{"taxonomy":"post_tag","embeddable":true,"href":"https:\/\/sisu.ut.ee\/estshg\/wp-json\/wp\/v2\/tags?post=3"}],"curies":[{"name":"wp","href":"https:\/\/api.w.org\/{rel}","templated":true}]}}