{"id":23,"date":"2020-11-11T11:19:10","date_gmt":"2024-04-04T01:56:26","guid":{"rendered":"https:\/\/sisu.ut.ee\/estshg\/uhingu-2020-aastakonverents-toimub-videosilla-vahedusel\/"},"modified":"2024-04-04T04:57:15","modified_gmt":"2024-04-04T01:57:15","slug":"uhingu-2020-aastakonverents-toimub-videosilla-vahedusel","status":"publish","type":"post","link":"https:\/\/sisu.ut.ee\/estshg\/uhingu-2020-aastakonverents-toimub-videosilla-vahedusel\/","title":{"rendered":"\u00dchingu 2020. aastakonverents toimub VIDEOSILLA vahedusel"},"content":{"rendered":"<p>\r\n\tHead Eesti Inimesegeneetika \u00dchingu liikmed ja meie s\u00f5brad!<br>COVID-19 seab meie ette \u00fcha uusi v\u00e4ljakutseid ja nii on ka \u00fching saanud n\u00f6 jooksu pealt t\u00e4navuse aastakonverentsi korraldust korduvalt muuta. Anname teada, et Eesti InimeseGeneetika \u00dchingu aastakonverents toimub sel aastal <strong>19. novembril videosilla <\/strong>vahendusel!\r\n<\/p>\r\n\r\n<p>\r\n\t<br>Konverentsil osalemine on <strong>tasuta<\/strong>.<br>Viite videosillale saadame registreerunuile e-kirjaga. Konverentsiks kasutame Zoom keskkonda. T\u00e4psema info ning lingi teeme k\u00e4ttesaadavaks enne konverentsi algust. \u00a0<br>Veebi\u00fclekande kvaliteedi tagamiseks palume k\u00f5igil huvilistel end konverentsile registreeruda. Kes on juba registreerunud, ei pea seda uuesti tegema.<br>Tagasiside konverentsi kohta: https:\/\/docs.google.com\/forms\/d\/1Dl2eDU91zNRNRA6vGxDNescSQJC8arviw9sFfmfofuk\r\n<\/p>\r\n\r\n<p>\r\n\t\u00a0\r\n<\/p>\r\n\r\n<p>\r\n\tK\u00fcsimuste korral aitame meeleldi.<br>Hoiame distantsi ja p\u00fcsime terved!\r\n<\/p>\r\n\r\n<p>\r\n\tEesti InimeseGeneetika \u00dchingu juhatus\r\n<\/p>\r\n<br><div class=\"wp-block-group attached-files-group is-layout-constrained wp-block-group-is-layout-constrained\"><div class=\"wp-block-file\"><a href=\"https:\/\/sisu.ut.ee\/wp-content\/uploads\/sites\/345\/estshg_online_programm.pdf\" target=\"_blank\" rel=\"noreferrer noopener\">Konverentsi kava<\/a><\/div><\/div>","protected":false},"excerpt":{"rendered":"<p>Head Eesti Inimesegeneetika \u00dchingu liikmed ja meie s\u00f5brad!COVID-19 seab meie ette \u00fcha uusi v\u00e4ljakutseid ja nii on ka \u00fching saanud n\u00f6 jooksu pealt t\u00e4navuse aastakonverentsi korraldust korduvalt muuta. Anname teada, et Eesti InimeseGeneetika \u00dchingu aastakonverents toimub sel aastal 19. novembril &#8230;<\/p>\n","protected":false},"author":182,"featured_media":0,"comment_status":"closed","ping_status":"closed","sticky":false,"template":"","format":"standard","meta":{"_acf_changed":false,"inline_featured_image":false,"footnotes":""},"categories":[1],"tags":[],"class_list":["post-23","post","type-post","status-publish","format-standard","hentry","category-uudised"],"acf":[],"_links":{"self":[{"href":"https:\/\/sisu.ut.ee\/estshg\/wp-json\/wp\/v2\/posts\/23","targetHints":{"allow":["GET"]}}],"collection":[{"href":"https:\/\/sisu.ut.ee\/estshg\/wp-json\/wp\/v2\/posts"}],"about":[{"href":"https:\/\/sisu.ut.ee\/estshg\/wp-json\/wp\/v2\/types\/post"}],"author":[{"embeddable":true,"href":"https:\/\/sisu.ut.ee\/estshg\/wp-json\/wp\/v2\/users\/182"}],"replies":[{"embeddable":true,"href":"https:\/\/sisu.ut.ee\/estshg\/wp-json\/wp\/v2\/comments?post=23"}],"version-history":[{"count":2,"href":"https:\/\/sisu.ut.ee\/estshg\/wp-json\/wp\/v2\/posts\/23\/revisions"}],"predecessor-version":[{"id":314,"href":"https:\/\/sisu.ut.ee\/estshg\/wp-json\/wp\/v2\/posts\/23\/revisions\/314"}],"wp:attachment":[{"href":"https:\/\/sisu.ut.ee\/estshg\/wp-json\/wp\/v2\/media?parent=23"}],"wp:term":[{"taxonomy":"category","embeddable":true,"href":"https:\/\/sisu.ut.ee\/estshg\/wp-json\/wp\/v2\/categories?post=23"},{"taxonomy":"post_tag","embeddable":true,"href":"https:\/\/sisu.ut.ee\/estshg\/wp-json\/wp\/v2\/tags?post=23"}],"curies":[{"name":"wp","href":"https:\/\/api.w.org\/{rel}","templated":true}]}}