{"id":19,"date":"2023-03-02T06:46:57","date_gmt":"2024-04-04T01:56:26","guid":{"rendered":"https:\/\/sisu.ut.ee\/estshg\/2023-aasta-eesti-inimese-geneetika-uhingu-xxv-aastakonverents-toimub-rakveres-19102023\/"},"modified":"2024-04-04T04:57:14","modified_gmt":"2024-04-04T01:57:14","slug":"2023-aasta-eesti-inimese-geneetika-uhingu-xxv-aastakonverents-toimub-rakveres-19102023","status":"publish","type":"post","link":"https:\/\/sisu.ut.ee\/estshg\/2023-aasta-eesti-inimese-geneetika-uhingu-xxv-aastakonverents-toimub-rakveres-19102023\/","title":{"rendered":"2023. aasta Eesti Inimese Geneetika \u00dchingu XXV aastakonverents toimub 19.10.2023-20.10.2023 Rakveres"},"content":{"rendered":"<p>\n\t\u00a0\n<\/p>\n<p>\n\t<strong><span><span><span style=\"color:black\">Eesti Inimese Geneetika \u00dchingu XXV aastakonverents <\/span><\/span><\/span><\/strong><b> toimub 19.-20. oktoobril Rakvere teatris.<\/b>\n<\/p>\n<p>\n\t\u00a0\n<\/p>\n<p>\n\tKonverentsi<strong> <\/strong><strong><a data-fid=\"81158\" href=\"https:\/\/sisu.ut.ee\/wp-content\/uploads\/sites\/345\/estshg_rakvere_programm_2023_viimane.pdf\">programm<\/a>.<\/strong>\n<\/p>\n<p>\n\tKonverentsist teeb \u00fclekande Postimees <strong><a data-url=\"https:\/\/teadus.postimees.ee\/7878906\/otseulekanne-kaks-paeva-head-ja-oivalist-eesti-geeniteadust-tuleb-koju-katte\" href=\"https:\/\/teadus.postimees.ee\/7878906\/otseulekanne-kaks-paeva-head-ja-oivalist-eesti-geeniteadust-tuleb-koju-katte\" target=\"_blank\" title=\"\" rel=\"noopener\">siin.<\/a><\/strong>\n<\/p>\n<p>\n\t\u00a0\n<\/p>\n<p>\n\tEesti Inimesegeneetika \u00dching koondab geneetika, genoomika, geenitehnoloogia ja siduserialade teadlasi, ettev\u00f5tjaid, meedikuid, tudengeid ja teisi spetsialiste. Iga-aastane \u00fchingu konverents on selle kogukonna k\u00f5ige olulisem teadusfoorum Eestis. Meil on laiap\u00f5hjaline kaasav programm ja eestikeelne formaat ja teretulnud on k\u00f5ik, kel on valdkonnaga ametialane kokkupuude v\u00f5i huvi.\n<\/p>\n<p>\n\tOma n\u00f5usoleku konverentsil esineda on andnud Hedvig Tamman, Hedi Peterson, Kristiina Tambets, Liisa Arike, Sander Pajusalu, Oliver Aasmets, Anneli Uusk\u00fcla, Agne Velthut-Meikas, Margus Punab, Kristel Vene, Maris Alver, Sanna Puusepp, Indrek Koppel ja Jaan Aru.\n<\/p>\n<p>\n\tTraditsiooniliselt annab \u00fching aastakonverentsil \u00fcle ka elut\u00f6\u00f6preemia \u201cElut\u00f6\u00f6 geneetikuna\u201d. Kes sel aastal tunnustuse osaliseks saab, selgub kohapeal.\n<\/p>\n<p>\n\tKonverentsil toimub ka noorteadlastele ja kraadi\u00f5ppuritele suunatud teeside konkurss. Esitatud teesidest valib \u00fchingu juhatus v\u00e4lja neli suulist ettekannet, \u00fclej\u00e4\u00e4nutele toimub postersessioon. K\u00f5ik teesid pannakse konverentsi eel \u00fchingu liikmetele k\u00e4ttesaadavana veebikeskkonda. Konkursile esitatud t\u00f6\u00f6dest valib \u00fchingu juhatus v\u00e4lja neli suulist ettekannet. Teesid palun esitada e-mailile <a href=\"mailto:estshg@ebc.ee\">estshg@ebc.ee<\/a>. Teeside esitamise t\u00e4htaeg on 30.09.2023.\n<\/p>\n<p>\n\tKonverentsi osav\u00f5tutasud 2023. aastal:<br>15.08.2023\u221214.09.2023 liikmele 95 eurot, mitteliikmele 145 eurot<br>15.09.2023\u221230.09.2023 liikmele 120 eurot, mitteliikmele 170 eurot<br>01.10.2023\u221214.10.2023 liikmele 150 eurot, mitteliikmele 200 eurot\n<\/p>\n<p>\n\tOsav\u00f5tutasu sisaldab p\u00e4evast toitlustamist, konverentsi infomaterjale, \u00f5htus\u00f6\u00f6ki, ansamblit tantsuks ning transporti Tartust ja Tallinnast Rakverre ning tagasi.\n<\/p>\n<p>\n\tK\u00f5igil liikmetel palume enne registreerimist tasuda k\u00e4esoleva aasta liikmemaks, lisainfo \u00fchingu kodulehe <a data-url=\"https:\/\/estshg.ut.ee\/\" href=\"https:\/\/estshg.ut.ee\/\" target=\"_blank\" title=\"\" rel=\"noopener\">avalehel<\/a>.\n<\/p>\n<p>\n\t\u00a0\n<\/p>\n<p>\n\tOotame rohket osav\u00f5ttu!<br>EstSHG \u00fchingu juhatus ja sekret\u00e4r\n<\/p>\n<p>\n\t\u00a0<\/p>\n","protected":false},"excerpt":{"rendered":"<p>\u00a0 Eesti Inimese Geneetika \u00dchingu XXV aastakonverents toimub 19.-20. oktoobril Rakvere teatris. \u00a0 Konverentsi programm. Konverentsist teeb \u00fclekande Postimees siin. \u00a0 Eesti Inimesegeneetika \u00dching koondab geneetika, genoomika, geenitehnoloogia ja siduserialade teadlasi, ettev\u00f5tjaid, meedikuid, tudengeid ja teisi spetsialiste. Iga-aastane \u00fchingu konverents &#8230;<\/p>\n","protected":false},"author":182,"featured_media":0,"comment_status":"closed","ping_status":"closed","sticky":false,"template":"","format":"standard","meta":{"_acf_changed":false,"inline_featured_image":false,"footnotes":""},"categories":[1],"tags":[],"class_list":["post-19","post","type-post","status-publish","format-standard","hentry","category-uudised"],"acf":[],"_links":{"self":[{"href":"https:\/\/sisu.ut.ee\/estshg\/wp-json\/wp\/v2\/posts\/19","targetHints":{"allow":["GET"]}}],"collection":[{"href":"https:\/\/sisu.ut.ee\/estshg\/wp-json\/wp\/v2\/posts"}],"about":[{"href":"https:\/\/sisu.ut.ee\/estshg\/wp-json\/wp\/v2\/types\/post"}],"author":[{"embeddable":true,"href":"https:\/\/sisu.ut.ee\/estshg\/wp-json\/wp\/v2\/users\/182"}],"replies":[{"embeddable":true,"href":"https:\/\/sisu.ut.ee\/estshg\/wp-json\/wp\/v2\/comments?post=19"}],"version-history":[{"count":1,"href":"https:\/\/sisu.ut.ee\/estshg\/wp-json\/wp\/v2\/posts\/19\/revisions"}],"predecessor-version":[{"id":20,"href":"https:\/\/sisu.ut.ee\/estshg\/wp-json\/wp\/v2\/posts\/19\/revisions\/20"}],"wp:attachment":[{"href":"https:\/\/sisu.ut.ee\/estshg\/wp-json\/wp\/v2\/media?parent=19"}],"wp:term":[{"taxonomy":"category","embeddable":true,"href":"https:\/\/sisu.ut.ee\/estshg\/wp-json\/wp\/v2\/categories?post=19"},{"taxonomy":"post_tag","embeddable":true,"href":"https:\/\/sisu.ut.ee\/estshg\/wp-json\/wp\/v2\/tags?post=19"}],"curies":[{"name":"wp","href":"https:\/\/api.w.org\/{rel}","templated":true}]}}