{"id":17,"date":"2020-10-19T12:52:10","date_gmt":"2024-04-04T01:56:25","guid":{"rendered":"https:\/\/sisu.ut.ee\/estshg\/info-eesti-inimesegeneetika-uhingu-2020-konverentsist\/"},"modified":"2024-04-04T04:57:15","modified_gmt":"2024-04-04T01:57:15","slug":"info-eesti-inimesegeneetika-uhingu-2020-konverentsist","status":"publish","type":"post","link":"https:\/\/sisu.ut.ee\/estshg\/info-eesti-inimesegeneetika-uhingu-2020-konverentsist\/","title":{"rendered":"Info Eesti InimeseGeneetika \u00dchingu 2020. a konverentsist"},"content":{"rendered":"<p>\n\tHead Eesti InimeseGeneetika \u00dchingu liikmed,<br>\u00a0<br>P\u00fc\u00fcame kohaneda uute oludega ja \u00f5ppida koos COVID-19 elama. Meie \u00fchingu juhatus arutas neljap\u00e4eval, 15. oktoobril 2020 aastakonverentsi korraldust ja otsustas, et selle aasta konverents toimub. COVID-19 on meid siiski pannud plaane veidi muutma, sestap korraldame konverentsi \u00fchep\u00e4evasena, <strong>19. novembril Tartus Vanemuise kontserdimajas<\/strong>. Soovijatele p\u00fc\u00fcame tagada v\u00f5imaluse konverentsi j\u00e4lgimiseks veebi\u00fclekandes.<br>Uuendatud programmi ja muu t\u00e4psustatud info saadame Teile hiljemalt j\u00e4rgmise n\u00e4dala keskel.\n<\/p>\n<p>\n\t<strong>Konverentsi kava<\/strong>\n<\/p>\n<p>\n\t<span class=\"file media-element file-os-files-link\" data-file_info=\"%7B%22fid%22:%2257032%22,%22view_mode%22:%22os_files_link%22,%22type%22:%22media%22%7D\"><img decoding=\"async\" alt=\"\" class=\"file-icon\" src=\"\/profiles\/openscholar\/modules\/os\/modules\/os_files\/icons\/application-pdf.svg\"> <a href=\"https:\/\/sisu.ut.ee\/wp-content\/uploads\/sites\/345\/estshg_2020_programm.pdf\">estshg_2020_programm.pdf<\/a><\/span>\n<\/p>\n<p>\n\t\u00a0\n<\/p>\n<p>\n\t\u00a0\n<\/p>\n<p>\n\t<strong>Info arvetest:<\/strong>\n<\/p>\n<p>\n\tTulenevalt suurtest muudatustest ei kiirusta me arvete saatmisega \u2013 neid hakkame saatma Teile mitte 16. oktoobril, nagu algselt lubatud, vaid peale 25. oktoobrit.\u00a0<br>Konverentsi osalustasu 2020.a. on kuni 15. novembrini registreerujatel \u00fchingu liikmeile 50 EUR, mitteliikmeile 75 EUR.\u00a0\n<\/p>\n<p>\n\t<strong>Osalusest loobumine:<\/strong><br>Senised registreerujad saavad loobuda kuni 25.10 k.a, saates teade e-postile estshg@ebc.ee\u00a0 v\u00f5i maarja.koiv@gmail.com\u00a0\u00a0<br>Alates 16.11 j\u00e4\u00e4b 5 viimase v\u00f5imalus.\n<\/p>\n<p>\n\tLoobumisel tagastame 50% osav\u00f5tutasust kui on teatatud kuni 15.11. Peale 16.11 loobujatele osav\u00f5tutasusid ei tagastata.\n<\/p>\n<p>\n\tSoovin teile k\u00f5igile head tervist ja kannatlikku meelt!<br>\u00a0<br>Eesti InimeseGeneetika \u00dchingu juhatuse nimel,<br>Neeme T\u00f5nisson<br>\u00dchingu president\u00a0<br>\u00a0<\/p>\n","protected":false},"excerpt":{"rendered":"<p>Head Eesti InimeseGeneetika \u00dchingu liikmed,\u00a0P\u00fc\u00fcame kohaneda uute oludega ja \u00f5ppida koos COVID-19 elama. Meie \u00fchingu juhatus arutas neljap\u00e4eval, 15. oktoobril 2020 aastakonverentsi korraldust ja otsustas, et selle aasta konverents toimub. COVID-19 on meid siiski pannud plaane veidi muutma, sestap korraldame &#8230;<\/p>\n","protected":false},"author":182,"featured_media":0,"comment_status":"closed","ping_status":"closed","sticky":false,"template":"","format":"standard","meta":{"_acf_changed":false,"inline_featured_image":false,"footnotes":""},"categories":[1],"tags":[],"class_list":["post-17","post","type-post","status-publish","format-standard","hentry","category-uudised"],"acf":[],"_links":{"self":[{"href":"https:\/\/sisu.ut.ee\/estshg\/wp-json\/wp\/v2\/posts\/17","targetHints":{"allow":["GET"]}}],"collection":[{"href":"https:\/\/sisu.ut.ee\/estshg\/wp-json\/wp\/v2\/posts"}],"about":[{"href":"https:\/\/sisu.ut.ee\/estshg\/wp-json\/wp\/v2\/types\/post"}],"author":[{"embeddable":true,"href":"https:\/\/sisu.ut.ee\/estshg\/wp-json\/wp\/v2\/users\/182"}],"replies":[{"embeddable":true,"href":"https:\/\/sisu.ut.ee\/estshg\/wp-json\/wp\/v2\/comments?post=17"}],"version-history":[{"count":1,"href":"https:\/\/sisu.ut.ee\/estshg\/wp-json\/wp\/v2\/posts\/17\/revisions"}],"predecessor-version":[{"id":18,"href":"https:\/\/sisu.ut.ee\/estshg\/wp-json\/wp\/v2\/posts\/17\/revisions\/18"}],"wp:attachment":[{"href":"https:\/\/sisu.ut.ee\/estshg\/wp-json\/wp\/v2\/media?parent=17"}],"wp:term":[{"taxonomy":"category","embeddable":true,"href":"https:\/\/sisu.ut.ee\/estshg\/wp-json\/wp\/v2\/categories?post=17"},{"taxonomy":"post_tag","embeddable":true,"href":"https:\/\/sisu.ut.ee\/estshg\/wp-json\/wp\/v2\/tags?post=17"}],"curies":[{"name":"wp","href":"https:\/\/api.w.org\/{rel}","templated":true}]}}