{"id":13,"date":"2020-08-26T08:25:54","date_gmt":"2024-04-04T01:56:25","guid":{"rendered":"https:\/\/sisu.ut.ee\/estshg\/info-eesti-inimesegeneetika-uhingu-xxii-teaduskonverentsile-registreerumisest\/"},"modified":"2024-04-04T04:57:15","modified_gmt":"2024-04-04T01:57:15","slug":"info-eesti-inimesegeneetika-uhingu-xxii-teaduskonverentsile-registreerumisest","status":"publish","type":"post","link":"https:\/\/sisu.ut.ee\/estshg\/info-eesti-inimesegeneetika-uhingu-xxii-teaduskonverentsile-registreerumisest\/","title":{"rendered":"Info Eesti InimeseGeneetika \u00dchingu XXII teaduskonverentsile registreerumisest"},"content":{"rendered":"<p>\n\t<span><span>Eesti InimeseGeneetika \u00dchingu XXII teaduskonverents toimub 19.\u201320. novembril Haapsalus.<\/span><\/span>\n<\/p>\n<p>\n\t<span><span>Registreerumiseks klikake <a href=\"https:\/\/docs.google.com\/forms\/d\/e\/1FAIpQLSeoV9DnvibqM4pdXiK_uQjPSaCdGAMtIqkJ0mL0J3aXpL3CmA\/viewform?usp=pp_url\">SIIA<\/a><\/span><\/span>\n<\/p>\n<p>\n\t<span><span>COVID-19 viiruse t\u00f5ttu j\u00e4lgime ka meie t\u00e4helepanelikult nii haigestumust kui meile etteseatud reegleid. Sestap otsustas \u00fchingu juhatus, et kuulutame konverentsile eelregistreerumise v\u00e4lja, kuid arveid konverentsil osalemise eest hakkame saatma alles peale 16. oktoobrit \u2013 nii saame konverentsi korraldusega edasi minna, kuid samas oleme valmis ka vajadusel, meist mittetulenevail p\u00f5hjusil konverentsi edasi l\u00fckkama.<\/span><\/span>\n<\/p>\n<p>\n\t<span><span>Konverentsi programmi koostamisel l\u00e4htuvad korraldajad p\u00f5him\u00f5ttest, et \u00fckski esineja pole EstSHG aastakonverentsil v\u00e4hemalt kahel j\u00e4rjestikusel aastal esinenud.<\/span><\/span>\n<\/p>\n<p>\n\t<span><span><b>Sel aastal osalevad lektoritena<\/b> Sander Pajusalu, Mario Plaas, Jana Jaal, Kristina Rull, Astrid Murum\u00e4gi, Hannes Kollist, Rainis Venta, J\u00fcri Allik, Jaan Aru, Jaan Olle Andressoo, Kai Kisand, Krista Fischer, Maido Remm ja Elin Org. Esinejate nimekiri on veelgi t\u00e4ienemas!<\/span><\/span><\/p>\n<p><b>Traditsiooniliselt annab \u00fching aastakonverentsil \u00fcle ka elut\u00f6\u00f6preemia \u201cElut\u00f6\u00f6 Geneetikuna\u201d.<\/b> Kes sel aastal tunnustuse osaliseks saab, selgub kohapeal.\n<\/p>\n<p>\n\t<br><span><span><b>EstSHG aastakonverentsi raames korraldatakse eesk\u00e4tt noorteadlastele ja kraadi\u00f5ppuritele suunatud teeside konkurss.<\/b><br>Palume konkursile esitada kas avaldamata v\u00f5i kuni 2 aasta eest avaldatud teadust\u00f6\u00f6.<\/span><\/span>\n<\/p>\n<p>\n\t<span><span>Teeside \/ abstrakti sisu v\u00f5ib maksimaalselt koosneda kuni 500-st s\u00f5nast ning peab koos pealkirja, autorite, viidete ja illustreeriva materjaliga mahtuma \u00fchele lehele. Esitamisel palume l\u00e4htuda lisatud formaadijuhistest. Teesidega koos v\u00f5ib esitada \u00fche lihtsama joonise v\u00f5i skeemi, mis peab mahtuma samale lehele.<\/span><\/span>\n<\/p>\n<p>\n\t<span><span>Esitatud t\u00f6\u00f6dest valib \u00fchingu juhatus v\u00e4lja 6 t\u00f6\u00f6d suulisteks ettekanneteks. K\u00f5ik esitatud teesid pannakse konverentsi eel \u00fchingu liikmetele k\u00e4ttesaadavana veebikeskkonda. Posterikonkursi kolme esimese t\u00f6\u00f6 esimesed autorid saavad j\u00e4rgmisel aastal ilma osav\u00f5tutasuta \u00fchingu aastakonverentsile. <\/span><\/span>\n<\/p>\n<p>\n\t<span><span>Teesid tuleb saata EstSHG e-maili-aadressile <a href=\"mailto:estshg@ebc.ee\">estshg@ebc.ee<\/a> hiljemalt 30.09.2020. Teeside\/abstrakti esitaja on \u00fcldjuhul ka teeside esimene autor. Esitaja peab eelnevalt olema konverentsile registreerunud.<\/span><\/span>\n<\/p>\n<p>\n\t<span><span><b>Konverentsile registreerumise tasud 2020. aastal:<\/b><br>01.07- 15.10 \u2013 liikmele 60 EUR, mitteliikmele 95 EUR<br>15.10- 13.11 \u2013 liikmele 90 EUR, mitteliikmele 120 EUR<br>14.11- 16.11- liikmele 110 EUR, mitteliikmele 140 EUR.<\/span><\/span>\n<\/p>\n<p>\n\t<span><span>T\u00e4helepanu hilistele registreerujatele! Registreerumine on v\u00f5imalik vaid vabade kohtade olemasolul.<\/span><\/span>\n<\/p>\n<p>\n\t\u00a0\n<\/p>\n<p>\n\t<span><span>P\u00fcsime terved ja kohtumiseni Haapsalus!<\/span><\/span>\n<\/p>\n<p>\n\t\u00a0\n<\/p>\n<p>\n\t<span><span>Eesti InimeseGeneetika \u00dchingu juhatus<\/span><\/span><\/p>\n","protected":false},"excerpt":{"rendered":"<p>Eesti InimeseGeneetika \u00dchingu XXII teaduskonverents toimub 19.\u201320. novembril Haapsalus. Registreerumiseks klikake SIIA COVID-19 viiruse t\u00f5ttu j\u00e4lgime ka meie t\u00e4helepanelikult nii haigestumust kui meile etteseatud reegleid. Sestap otsustas \u00fchingu juhatus, et kuulutame konverentsile eelregistreerumise v\u00e4lja, kuid arveid konverentsil osalemise eest hakkame &#8230;<\/p>\n","protected":false},"author":182,"featured_media":0,"comment_status":"closed","ping_status":"closed","sticky":false,"template":"","format":"standard","meta":{"_acf_changed":false,"inline_featured_image":false,"footnotes":""},"categories":[1],"tags":[],"class_list":["post-13","post","type-post","status-publish","format-standard","hentry","category-uudised"],"acf":[],"_links":{"self":[{"href":"https:\/\/sisu.ut.ee\/estshg\/wp-json\/wp\/v2\/posts\/13","targetHints":{"allow":["GET"]}}],"collection":[{"href":"https:\/\/sisu.ut.ee\/estshg\/wp-json\/wp\/v2\/posts"}],"about":[{"href":"https:\/\/sisu.ut.ee\/estshg\/wp-json\/wp\/v2\/types\/post"}],"author":[{"embeddable":true,"href":"https:\/\/sisu.ut.ee\/estshg\/wp-json\/wp\/v2\/users\/182"}],"replies":[{"embeddable":true,"href":"https:\/\/sisu.ut.ee\/estshg\/wp-json\/wp\/v2\/comments?post=13"}],"version-history":[{"count":1,"href":"https:\/\/sisu.ut.ee\/estshg\/wp-json\/wp\/v2\/posts\/13\/revisions"}],"predecessor-version":[{"id":14,"href":"https:\/\/sisu.ut.ee\/estshg\/wp-json\/wp\/v2\/posts\/13\/revisions\/14"}],"wp:attachment":[{"href":"https:\/\/sisu.ut.ee\/estshg\/wp-json\/wp\/v2\/media?parent=13"}],"wp:term":[{"taxonomy":"category","embeddable":true,"href":"https:\/\/sisu.ut.ee\/estshg\/wp-json\/wp\/v2\/categories?post=13"},{"taxonomy":"post_tag","embeddable":true,"href":"https:\/\/sisu.ut.ee\/estshg\/wp-json\/wp\/v2\/tags?post=13"}],"curies":[{"name":"wp","href":"https:\/\/api.w.org\/{rel}","templated":true}]}}