{"id":1724,"date":"2026-04-20T14:10:16","date_gmt":"2026-04-20T11:10:16","guid":{"rendered":"https:\/\/sisu.ut.ee\/eestijuured\/?p=1724"},"modified":"2026-04-21T14:14:15","modified_gmt":"2026-04-21T11:14:15","slug":"eesti-humanitaarteaduste-aastakonverents","status":"publish","type":"post","link":"https:\/\/sisu.ut.ee\/eestijuured\/eesti-humanitaarteaduste-aastakonverents\/","title":{"rendered":"Eesti humanitaarteaduste aastakonverents"},"content":{"rendered":"<figure class=\"wp-block-image alignright size-large is-resized\"><img loading=\"lazy\" decoding=\"async\" width=\"1024\" height=\"682\" src=\"https:\/\/sisu.ut.ee\/wp-content\/uploads\/sites\/862\/ak_031-1-1024x682.jpg\" alt=\"\" class=\"wp-image-1728\" style=\"width:439px;height:auto\" srcset=\"https:\/\/sisu.ut.ee\/wp-content\/uploads\/sites\/862\/ak_031-1-1024x682.jpg 1024w, https:\/\/sisu.ut.ee\/wp-content\/uploads\/sites\/862\/ak_031-1-300x200.jpg 300w, https:\/\/sisu.ut.ee\/wp-content\/uploads\/sites\/862\/ak_031-1-768x512.jpg 768w, https:\/\/sisu.ut.ee\/wp-content\/uploads\/sites\/862\/ak_031-1-1920x1280.jpg 1920w, https:\/\/sisu.ut.ee\/wp-content\/uploads\/sites\/862\/ak_031-1.jpg 2000w\" sizes=\"auto, (max-width: 1024px) 100vw, 1024px\"><\/figure>\n\n\n\n<p>2024. aastal said alguse Eesti humanitaarteaduste aastakonverentsid. J\u00e4rjekorras teine aastakonverents toimus 8.\u201310. aprillini ERMis ja Tartu \u00dclikoolis.<\/p>\n\n\n\n<p>Tippkeskuse liikmeid oli esinejate seas arvukalt. Plenaarettekandega \u201cBiomolekulaarhumanitaaria: kahes maailmas korraga v\u00f5i kahe maailma vahel?\u201d astus esimesel p\u00e4eval \u00fcles Ester Oras, kes on arheokeemia uurimisr\u00fchma liige. Vaata ettekannet siit: <a href=\"https:\/\/www.youtube.com\/watch?v=NUeZhp4fBmY&amp;fbclid=IwZXh0bgNhZW0CMTAAYnJpZBExSHpwU2Y5Y1hyS2ZiaDhxcXNydGMGYXBwX2lkEDIyMjAzOTE3ODgyMDA4OTIAAR78O4s3a_3-PUl8qPc8SegY8xbEkqOLNlaUyYKpE_xHjpWnw-02Hm6UnysfhQ_aem_VBjto8ffh7B444D8TmoWyw\" target=\"_blank\" rel=\"noreferrer noopener\">https:\/\/www.youtube.com\/watch?v=NUeZhp4fBmY<\/a><\/p>\n\n\n\n<p>EJT liikmed Monika Karmin, Mari T\u00f5rv ja Ester Oras korraldasid konverenetsi viimasel p\u00e4eval \u00fcmarlauda \u201cHumanitaaria piirid ja piiritu teadus\u201d. Lisaks olid meie liikmed esindatud erinevates ettekandepaneelides.<\/p>\n\n\n\n<p>K\u00f5iki plenaarettekandeid saab j\u00e4rele vaadata <a href=\"https:\/\/ehak2026.ee\/ee\/ehak\/?fbclid=IwZXh0bgNhZW0CMTAAYnJpZBExSHpwU2Y5Y1hyS2ZiaDhxcXNydGMGYXBwX2lkEDIyMjAzOTE3ODgyMDA4OTIAAR518iL47RFnWiZetdgik2rOKwsGjGJeJmYDqSn0cem77qV6zAsC-Ycdfd6KIg_aem_bkppqbqVJYVRN5IN1g7zXg\" target=\"_blank\" rel=\"noreferrer noopener\">https:\/\/ehak2026.ee\/ee\/ehak\/<\/a><\/p>\n\n\n\n<p><\/p>\n","protected":false},"excerpt":{"rendered":"<p>2024. aastal said alguse Eesti humanitaarteaduste aastakonverentsid. J\u00e4rjekorras teine aastakonverents toimus 8.\u201310. aprillini ERMis ja Tartu \u00dclikoolis. Tippkeskuse liikmeid oli esinejate seas arvukalt. Plenaarettekandega \u201cBiomolekulaarhumanitaaria: kahes maailmas korraga v\u00f5i kahe maailma vahel?\u201d astus esimesel p\u00e4eval \u00fcles Ester Oras, kes on &#8230;<\/p>\n","protected":false},"author":745,"featured_media":1725,"comment_status":"open","ping_status":"open","sticky":false,"template":"","format":"standard","meta":{"_acf_changed":false,"inline_featured_image":false,"footnotes":""},"categories":[11],"tags":[],"class_list":["post-1724","post","type-post","status-publish","format-standard","has-post-thumbnail","hentry","category-uudised"],"acf":[],"_links":{"self":[{"href":"https:\/\/sisu.ut.ee\/eestijuured\/wp-json\/wp\/v2\/posts\/1724","targetHints":{"allow":["GET"]}}],"collection":[{"href":"https:\/\/sisu.ut.ee\/eestijuured\/wp-json\/wp\/v2\/posts"}],"about":[{"href":"https:\/\/sisu.ut.ee\/eestijuured\/wp-json\/wp\/v2\/types\/post"}],"author":[{"embeddable":true,"href":"https:\/\/sisu.ut.ee\/eestijuured\/wp-json\/wp\/v2\/users\/745"}],"replies":[{"embeddable":true,"href":"https:\/\/sisu.ut.ee\/eestijuured\/wp-json\/wp\/v2\/comments?post=1724"}],"version-history":[{"count":3,"href":"https:\/\/sisu.ut.ee\/eestijuured\/wp-json\/wp\/v2\/posts\/1724\/revisions"}],"predecessor-version":[{"id":1731,"href":"https:\/\/sisu.ut.ee\/eestijuured\/wp-json\/wp\/v2\/posts\/1724\/revisions\/1731"}],"wp:featuredmedia":[{"embeddable":true,"href":"https:\/\/sisu.ut.ee\/eestijuured\/wp-json\/wp\/v2\/media\/1725"}],"wp:attachment":[{"href":"https:\/\/sisu.ut.ee\/eestijuured\/wp-json\/wp\/v2\/media?parent=1724"}],"wp:term":[{"taxonomy":"category","embeddable":true,"href":"https:\/\/sisu.ut.ee\/eestijuured\/wp-json\/wp\/v2\/categories?post=1724"},{"taxonomy":"post_tag","embeddable":true,"href":"https:\/\/sisu.ut.ee\/eestijuured\/wp-json\/wp\/v2\/tags?post=1724"}],"curies":[{"name":"wp","href":"https:\/\/api.w.org\/{rel}","templated":true}]}}